{"id":4661,"date":"2025-12-03T11:36:16","date_gmt":"2025-12-03T14:36:16","guid":{"rendered":"https:\/\/elpueblonoticia.com.ar\/web\/?p=4661"},"modified":"2025-12-03T11:36:16","modified_gmt":"2025-12-03T14:36:16","slug":"gendarme-correntina-murio-ahogada-en-el-rio-parana-en-rosario","status":"publish","type":"post","link":"https:\/\/elpueblonoticia.com.ar\/web\/2025\/12\/03\/gendarme-correntina-murio-ahogada-en-el-rio-parana-en-rosario\/","title":{"rendered":"Gendarme correntina muri\u00f3 ahogada en el R\u00edo Paran\u00e1 en Rosario"},"content":{"rendered":"<p><strong>Policial<\/strong><\/p>\n<p>3 de Diciembre de 2025<\/p>\n<div class=\"x14z9mp xat24cr x1lziwak x1vvkbs xtlvy1s x126k92a\">\n<div dir=\"auto\">La Prefectura Naval Argentina y el Ministerio de Seguridad de la Naci\u00f3n confirmaron el hallazgo e identificaci\u00f3n de Caren Itat\u00ed Ojeda, de 32 a\u00f1os como la mujer ahogada en aguas del R\u00edo Paran\u00e1, en Rosario, Santa Fe.<\/div>\n<div dir=\"auto\"><\/div>\n<\/div>\n<div class=\"x14z9mp xat24cr x1lziwak x1vvkbs xtlvy1s x126k92a\">\n<div dir=\"auto\">Se trata de una mujer oriunda de la localidad\u00a0 correntina de Guavirav\u00ed quien desapareci\u00f3 de la superficie mientras nadaba juntos a unos amigos.<\/div>\n<\/div>\n<div class=\"x14z9mp xat24cr x1lziwak x1vvkbs xtlvy1s x126k92a\">\n<div dir=\"auto\">La sargento Ojeda estaba con otros integrantes del grupo de gendarmes, cuando entraron al agua y a ella la llev\u00f3 la correntada, Trataron en vano de ayudarla pero no la pudieron encontrar. En la jornada del domingo unos civiles divisaron el cad\u00e1ver cerca de la Estaci\u00f3n Fluvial de Rosario y activaron las alarmas. Horas despu\u00e9s, un procedimiento coordinado entre diversas fuerzas logr\u00f3 extraer e identificar a la v\u00edctima.<\/div>\n<div dir=\"auto\"><\/div>\n<\/div>\n<div class=\"x14z9mp xat24cr x1lziwak x1vvkbs xtlvy1s x126k92a\">\n<div dir=\"auto\">La joven oficial oriunda de Corrientes compart\u00eda la tarde junto a un grupo de amigos en el parador Isla Verde, en isla La Invernada. Tras lanzarse al agua, Ojeda fue la \u00fanica que no regres\u00f3 a la superficie, lo que desencaden\u00f3 la inmediata intervenci\u00f3n de unidades de rescate y rastrillaje.<\/div>\n<\/div>\n<div class=\"x14z9mp xat24cr x1lziwak x1vvkbs xtlvy1s x126k92a\">\n<div dir=\"auto\">El cuerpo fue hallado reci\u00e9n tres d\u00edas despu\u00e9s y varios kil\u00f3metros r\u00edo abajo. La Prefectura Naval Argentina lider\u00f3 los operativos, apoyada por otros organismos provinciales y municipales. Desde que se report\u00f3 la desaparici\u00f3n, equipos especializados recorrieron la zona entre la isla La Invernada y el \u00e1rea urbana de Rosario con patrullas y embarcaciones.<\/div>\n<\/div>\n","protected":false},"excerpt":{"rendered":"<p>Policial 3 de Diciembre de 2025 La Prefectura Naval Argentina y el Ministerio de Seguridad de la Naci\u00f3n confirmaron el hallazgo e identificaci\u00f3n de Caren Itat\u00ed Ojeda, de 32 a\u00f1os como la mujer ahogada en aguas del R\u00edo Paran\u00e1, en Rosario, Santa Fe. Se trata de una mujer oriunda de la localidad\u00a0 correntina de Guavirav\u00ed [&hellip;]<\/p>\n","protected":false},"author":2,"featured_media":4662,"comment_status":"open","ping_status":"open","sticky":false,"template":"","format":"standard","meta":{"footnotes":""},"categories":[68],"tags":[],"class_list":{"0":"post-4661","1":"post","2":"type-post","3":"status-publish","4":"format-standard","5":"has-post-thumbnail","7":"category-policiales-nacionales"},"_links":{"self":[{"href":"https:\/\/elpueblonoticia.com.ar\/web\/wp-json\/wp\/v2\/posts\/4661","targetHints":{"allow":["GET"]}}],"collection":[{"href":"https:\/\/elpueblonoticia.com.ar\/web\/wp-json\/wp\/v2\/posts"}],"about":[{"href":"https:\/\/elpueblonoticia.com.ar\/web\/wp-json\/wp\/v2\/types\/post"}],"author":[{"embeddable":true,"href":"https:\/\/elpueblonoticia.com.ar\/web\/wp-json\/wp\/v2\/users\/2"}],"replies":[{"embeddable":true,"href":"https:\/\/elpueblonoticia.com.ar\/web\/wp-json\/wp\/v2\/comments?post=4661"}],"version-history":[{"count":1,"href":"https:\/\/elpueblonoticia.com.ar\/web\/wp-json\/wp\/v2\/posts\/4661\/revisions"}],"predecessor-version":[{"id":4663,"href":"https:\/\/elpueblonoticia.com.ar\/web\/wp-json\/wp\/v2\/posts\/4661\/revisions\/4663"}],"wp:featuredmedia":[{"embeddable":true,"href":"https:\/\/elpueblonoticia.com.ar\/web\/wp-json\/wp\/v2\/media\/4662"}],"wp:attachment":[{"href":"https:\/\/elpueblonoticia.com.ar\/web\/wp-json\/wp\/v2\/media?parent=4661"}],"wp:term":[{"taxonomy":"category","embeddable":true,"href":"https:\/\/elpueblonoticia.com.ar\/web\/wp-json\/wp\/v2\/categories?post=4661"},{"taxonomy":"post_tag","embeddable":true,"href":"https:\/\/elpueblonoticia.com.ar\/web\/wp-json\/wp\/v2\/tags?post=4661"}],"curies":[{"name":"wp","href":"https:\/\/api.w.org\/{rel}","templated":true}]}}