{"id":4658,"date":"2025-12-03T11:09:03","date_gmt":"2025-12-03T14:09:03","guid":{"rendered":"https:\/\/elpueblonoticia.com.ar\/web\/?p=4658"},"modified":"2025-12-03T11:09:03","modified_gmt":"2025-12-03T14:09:03","slug":"disputa-por-la-presidencia-del-concejo-deliberante-entre-radicales-y-faraldistas","status":"publish","type":"post","link":"https:\/\/elpueblonoticia.com.ar\/web\/2025\/12\/03\/disputa-por-la-presidencia-del-concejo-deliberante-entre-radicales-y-faraldistas\/","title":{"rendered":"Disputa por la presidencia del Concejo Deliberante entre Radicales y Faraldistas"},"content":{"rendered":"<p><strong>Politica<\/strong><\/p>\n<p>3 de Diciembre de 2025<\/p>\n<p>La elecci\u00f3n ser\u00e1 el d\u00eda 9 de diciembre, luego de la jura de las nuevas autoridades comunales y los nuevos concejales. Tania Bonpland, se perfila como la candidata del bloque de la UCR. \u201cGoia\u201d Danuzzo (Vamos Corrientes) ser\u00eda impulsada por Agust\u00edn Faraldo para ser la titular del Concejo. Las razones pol\u00edticas de unos y otros. El voto clave: \u201cPipi\u201d Vischi (ECO). El bloque del PJ mira atento. Todos coinciden en que se definir\u00e1 en las \u00faltimas horas del d\u00eda de la elecci\u00f3n.<\/p>\n<p>A menos de una semana de producirse el recambio de autoridades del ejecutivo municipal y parte del \u00e1mbito legislativo local \u2013 seis concejales asumir\u00e1n- ya comienza a ponerse sobre la mesa, la discusi\u00f3n acerca de quien presidir\u00e1 los destinos del Concejo Deliberante, a partir del 9 de diciembre, fecha elegida para la transmisi\u00f3n del mando.<\/p>\n<p>El interbloque de Vamos Corrientes, contar\u00e1 con seis concejales, tres del radicalismo, dos de Vamos Corrientes y uno del MID.<\/p>\n<p>Tania Bonpland, actual presidenta del Comit\u00e9 de la UCR local, y con mandato en el Concejo hasta el 2027, se perfila, como la candidata del bloque de radical. La semana que viene engrosaran la bancada radical, Susana Espinoza y Mat\u00edas Almeida.<\/p>\n<p>En radicalismo, conf\u00edan en sumarlo a Oscar \u201cPipi\u201d Vischi, concejal electo en el \u00faltimo comicio por la alianza, Encuentro por Corrientes (ECO). Vischi tiene raigambre en el radicalismo, pero en la elecci\u00f3n, compiti\u00f3 con la variante Ricardista, por fuera de la estructura partidaria. De igual modo, los radicales creen que tienen m\u00e1s para coincidir que para disentir. Si logran convencer a Vischi, el oficialismo alcanzar\u00eda la mayor\u00eda simple, (siete concejales) a partir del 10 diciembre.<\/p>\n<p>La UCR reclama la presidencia, por su peso electoral \u2013Lista N\u00ba 3 3557 votos, sum\u00f3 a la alianza Vamos Corrientes a nivel local- y adem\u00e1s consideran \u201cdecisivos sus tres votos\u201d en el recinto de debate.<\/p>\n<p>Por otra parte entienden que ser\u00eda saludable para la alianza gobernante, \u201cmantener un equilibrio de poder interno\u201d y esperan un acto de \u201cgenerosidad pol\u00edtica\u201d por parte de Faraldo. En el fondo, el Comit\u00e9 de la UCR, tambi\u00e9n necesita imperiosamente enviar un mensaje a sus bases, demostrando que \u201cocupan espacios de decisiones\u201d.<\/p>\n<p>Del lado de Agust\u00edn Faraldo, se promueve la candidatura de \u201cGoia\u201d Danuzzo, que logr\u00f3 ser reelegida. El razonamiento es que Faraldo precisa colocar en lugares estrat\u00e9gicos, \u201cgente de su ri\u00f1\u00f3n pol\u00edtico\u201d. \u201cGoia\u201d, cumple esa premisa.<\/p>\n<p>Por su parte \u201cPipi\u201d Vischi, mantuvo encuentros tanto con radicales, como con los del sector de Faraldo. El balance de esos contactos, es positivo, pero mantiene la cautela a la hora de las definiciones. Pretensiones tiene, pero no tensa la cuerda.<\/p>\n<p>El bloque del PJ a partir del 10 de diciembre, lo conformar\u00e1n cinco puros y pasar\u00e1 a ser oposici\u00f3n. Pablo Vera (LLA), podr\u00eda estar m\u00e1s cerca de esta entente. No tendr\u00e1n n\u00famero para imponer autoridades, pero s\u00ed para aprovechar cualquier error del bloque oficialista.<\/p>\n<p>Las negociaciones reci\u00e9n comenzaron. En el interior del bloque Vamos Corrientes, no descartan ni siquiera a Ricardo Barboza (VC) o Susana Espinoza, como cambio de figuritas, para la titularidad del Concejo, &#8220;si la cosa se pone espesa&#8221;. Aunque el nombre de la \u201cDoctora\u201d, correr\u00eda con menos chances, por su responsabilidad al frente del Hospital San Jos\u00e9 y porque quienes la conocen saben que es m\u00e1s prudente en el manejo de los tiempos pol\u00edticos y las decisiones.<\/p>\n<p>\u201cNada est\u00e1 sellado, puede pasar cualquier cosa, hasta \u00faltima hora\u201d, aventur\u00f3 un concejal en los pasillos del Concejo.<\/p>\n<p>Fuente : Ignacio Villanueva<\/p>\n","protected":false},"excerpt":{"rendered":"<p>Politica 3 de Diciembre de 2025 La elecci\u00f3n ser\u00e1 el d\u00eda 9 de diciembre, luego de la jura de las nuevas autoridades comunales y los nuevos concejales. Tania Bonpland, se perfila como la candidata del bloque de la UCR. \u201cGoia\u201d Danuzzo (Vamos Corrientes) ser\u00eda impulsada por Agust\u00edn Faraldo para ser la titular del Concejo. Las [&hellip;]<\/p>\n","protected":false},"author":2,"featured_media":4659,"comment_status":"open","ping_status":"open","sticky":false,"template":"","format":"standard","meta":{"footnotes":""},"categories":[77],"tags":[],"class_list":{"0":"post-4658","1":"post","2":"type-post","3":"status-publish","4":"format-standard","5":"has-post-thumbnail","7":"category-paso-de-los-libres"},"_links":{"self":[{"href":"https:\/\/elpueblonoticia.com.ar\/web\/wp-json\/wp\/v2\/posts\/4658","targetHints":{"allow":["GET"]}}],"collection":[{"href":"https:\/\/elpueblonoticia.com.ar\/web\/wp-json\/wp\/v2\/posts"}],"about":[{"href":"https:\/\/elpueblonoticia.com.ar\/web\/wp-json\/wp\/v2\/types\/post"}],"author":[{"embeddable":true,"href":"https:\/\/elpueblonoticia.com.ar\/web\/wp-json\/wp\/v2\/users\/2"}],"replies":[{"embeddable":true,"href":"https:\/\/elpueblonoticia.com.ar\/web\/wp-json\/wp\/v2\/comments?post=4658"}],"version-history":[{"count":1,"href":"https:\/\/elpueblonoticia.com.ar\/web\/wp-json\/wp\/v2\/posts\/4658\/revisions"}],"predecessor-version":[{"id":4660,"href":"https:\/\/elpueblonoticia.com.ar\/web\/wp-json\/wp\/v2\/posts\/4658\/revisions\/4660"}],"wp:featuredmedia":[{"embeddable":true,"href":"https:\/\/elpueblonoticia.com.ar\/web\/wp-json\/wp\/v2\/media\/4659"}],"wp:attachment":[{"href":"https:\/\/elpueblonoticia.com.ar\/web\/wp-json\/wp\/v2\/media?parent=4658"}],"wp:term":[{"taxonomy":"category","embeddable":true,"href":"https:\/\/elpueblonoticia.com.ar\/web\/wp-json\/wp\/v2\/categories?post=4658"},{"taxonomy":"post_tag","embeddable":true,"href":"https:\/\/elpueblonoticia.com.ar\/web\/wp-json\/wp\/v2\/tags?post=4658"}],"curies":[{"name":"wp","href":"https:\/\/api.w.org\/{rel}","templated":true}]}}