{"id":4650,"date":"2025-12-02T20:25:26","date_gmt":"2025-12-02T23:25:26","guid":{"rendered":"https:\/\/elpueblonoticia.com.ar\/web\/?p=4650"},"modified":"2025-12-02T20:33:43","modified_gmt":"2025-12-02T23:33:43","slug":"el-intendente-electode-paso-de-los-libres-confirmo-el-pago-de-un-bono-para-trabajadores-municipales","status":"publish","type":"post","link":"https:\/\/elpueblonoticia.com.ar\/web\/2025\/12\/02\/el-intendente-electode-paso-de-los-libres-confirmo-el-pago-de-un-bono-para-trabajadores-municipales\/","title":{"rendered":"El intendente electo de Paso de los Libres, confirmo el pago de un bono para trabajadores municipales"},"content":{"rendered":"<p><strong>Locales<\/strong><\/p>\n<p>2 de Diciembre de 2025<\/p>\n<div class=\"xdj266r x14z9mp xat24cr x1lziwak x1vvkbs x126k92a\">\n<div dir=\"auto\">El intendente electo de Paso de los Libres, Agust\u00edn Faraldo, asegur\u00f3 en declaraciones al medio capitalino &#8220;Cadena de Radios&#8221;, que su equipo se encuentra trabajando activamente en la transici\u00f3n para asumir la conducci\u00f3n del Municipio. Si bien est\u00e1n \u201ctomando notas\u201d sobre la situaci\u00f3n actual de la administraci\u00f3n, advirti\u00f3 que el verdadero estado del Municipio se conocer\u00e1 reci\u00e9n el 10 de diciembre, cuando se formalice la entrega de gesti\u00f3n por parte del actual intendente, Mart\u00edn Asc\u00faa.<\/div>\n<\/div>\n<div class=\"x14z9mp xat24cr x1lziwak x1vvkbs xtlvy1s x126k92a\">\n<div dir=\"auto\">Faraldo describi\u00f3 un panorama \u201cduro\u201d, especialmente en relaci\u00f3n al parque automotor municipal, que \u2014seg\u00fan se\u00f1al\u00f3\u2014 se encuentra en condiciones cr\u00edticas.<\/div>\n<\/div>\n<div class=\"x14z9mp xat24cr x1lziwak x1vvkbs xtlvy1s x126k92a\">\n<div dir=\"auto\">Aun as\u00ed, destac\u00f3 que la transici\u00f3n \u201cfue normal\u201d y que no se registraron obst\u00e1culos. Inform\u00f3 que la documentaci\u00f3n ser\u00e1 entregada el 8 de diciembre, mientras que el acto de traspaso se realizar\u00e1 el d\u00eda 9. \u201cSi hay sorpresas, las sabremos reci\u00e9n el 10, cuando hagamos las revisiones necesarias\u201d, agreg\u00f3.<\/div>\n<\/div>\n<div class=\"x14z9mp xat24cr x1lziwak x1vvkbs xtlvy1s x126k92a\">\n<div dir=\"auto\">En cuanto a las obligaciones financieras inmediatas, Faraldo reconoci\u00f3 que asumir\u00e1n \u201cajustados\u201d, ya que deber\u00e1n afrontar el pago de sueldos y un bono de fin de a\u00f1o. Confirm\u00f3 que su gesti\u00f3n har\u00e1 efectivo ese beneficio extraordinario, aunque todav\u00eda no est\u00e1 definida la cifra. \u201cLo haremos porque el personal municipal est\u00e1 muy complicado en lo salarial\u201d, remarc\u00f3.<\/div>\n<\/div>\n<div class=\"x14z9mp xat24cr x1lziwak x1vvkbs xtlvy1s x126k92a\">\n<div dir=\"auto\">Finalmente, subray\u00f3 la importancia del trabajo conjunto con el Gobierno provincial e inform\u00f3 que mantuvo un di\u00e1logo reciente con el gobernador Gustavo Vald\u00e9s. Adem\u00e1s, valor\u00f3 las obras ejecutadas por Vialidad Provincial en los accesos a la ciudad y la intervenci\u00f3n de Vialidad Nacional en el puente internacional, que \u2014sostuvo\u2014 se encuentra en condiciones de recibir el intenso movimiento tur\u00edstico hacia y desde Brasil.<\/div>\n<\/div>\n","protected":false},"excerpt":{"rendered":"<p>Locales 2 de Diciembre de 2025 El intendente electo de Paso de los Libres, Agust\u00edn Faraldo, asegur\u00f3 en declaraciones al medio capitalino &#8220;Cadena de Radios&#8221;, que su equipo se encuentra trabajando activamente en la transici\u00f3n para asumir la conducci\u00f3n del Municipio. Si bien est\u00e1n \u201ctomando notas\u201d sobre la situaci\u00f3n actual de la administraci\u00f3n, advirti\u00f3 que [&hellip;]<\/p>\n","protected":false},"author":2,"featured_media":4651,"comment_status":"open","ping_status":"open","sticky":false,"template":"","format":"standard","meta":{"footnotes":""},"categories":[77],"tags":[],"class_list":{"0":"post-4650","1":"post","2":"type-post","3":"status-publish","4":"format-standard","5":"has-post-thumbnail","7":"category-paso-de-los-libres"},"_links":{"self":[{"href":"https:\/\/elpueblonoticia.com.ar\/web\/wp-json\/wp\/v2\/posts\/4650","targetHints":{"allow":["GET"]}}],"collection":[{"href":"https:\/\/elpueblonoticia.com.ar\/web\/wp-json\/wp\/v2\/posts"}],"about":[{"href":"https:\/\/elpueblonoticia.com.ar\/web\/wp-json\/wp\/v2\/types\/post"}],"author":[{"embeddable":true,"href":"https:\/\/elpueblonoticia.com.ar\/web\/wp-json\/wp\/v2\/users\/2"}],"replies":[{"embeddable":true,"href":"https:\/\/elpueblonoticia.com.ar\/web\/wp-json\/wp\/v2\/comments?post=4650"}],"version-history":[{"count":2,"href":"https:\/\/elpueblonoticia.com.ar\/web\/wp-json\/wp\/v2\/posts\/4650\/revisions"}],"predecessor-version":[{"id":4653,"href":"https:\/\/elpueblonoticia.com.ar\/web\/wp-json\/wp\/v2\/posts\/4650\/revisions\/4653"}],"wp:featuredmedia":[{"embeddable":true,"href":"https:\/\/elpueblonoticia.com.ar\/web\/wp-json\/wp\/v2\/media\/4651"}],"wp:attachment":[{"href":"https:\/\/elpueblonoticia.com.ar\/web\/wp-json\/wp\/v2\/media?parent=4650"}],"wp:term":[{"taxonomy":"category","embeddable":true,"href":"https:\/\/elpueblonoticia.com.ar\/web\/wp-json\/wp\/v2\/categories?post=4650"},{"taxonomy":"post_tag","embeddable":true,"href":"https:\/\/elpueblonoticia.com.ar\/web\/wp-json\/wp\/v2\/tags?post=4650"}],"curies":[{"name":"wp","href":"https:\/\/api.w.org\/{rel}","templated":true}]}}