{"id":4614,"date":"2025-12-02T12:35:09","date_gmt":"2025-12-02T15:35:09","guid":{"rendered":"https:\/\/elpueblonoticia.com.ar\/web\/?p=4614"},"modified":"2025-12-02T12:35:09","modified_gmt":"2025-12-02T15:35:09","slug":"paso-de-los-libres-continua-la-busqueda-activa-de-diego-santiago-suarez-de-21-anos-de-edad","status":"publish","type":"post","link":"https:\/\/elpueblonoticia.com.ar\/web\/2025\/12\/02\/paso-de-los-libres-continua-la-busqueda-activa-de-diego-santiago-suarez-de-21-anos-de-edad\/","title":{"rendered":"PASO DE LOS LIBRES: Contin\u00faa la b\u00fasqueda activa de DIEGO SANTIAGO SU\u00c1REZ de 21 a\u00f1os de edad"},"content":{"rendered":"<p><strong>Policiales<\/strong><\/p>\n<p>2 de Diciembre de 2025<\/p>\n<div class=\"html-div xdj266r x14z9mp xat24cr x1lziwak xexx8yu xyri2b x18d9i69 x1c1uobl\">\n<div class=\"html-div xdj266r x14z9mp xat24cr x1lziwak xexx8yu xyri2b x18d9i69 x1c1uobl\" dir=\"auto\">\n<div class=\"html-div xdj266r x14z9mp xat24cr x1lziwak xexx8yu xyri2b x18d9i69 x1c1uobl\" data-ad-rendering-role=\"story_message\">\n<div id=\"_r_6a7_\" class=\"x1l90r2v x1iorvi4 x1g0dm76 xpdmqnj\" data-ad-comet-preview=\"message\" data-ad-preview=\"message\">\n<div class=\"x78zum5 xdt5ytf xz62fqu x16ldp7u\">\n<div class=\"xu06os2 x1ok221b\">\n<div class=\"html-div xdj266r x14z9mp xat24cr x1lziwak xexx8yu xyri2b x18d9i69 x1c1uobl\">\n<div class=\"x14z9mp xat24cr x1lziwak x1vvkbs xtlvy1s x126k92a\">\n<div dir=\"auto\">La Polic\u00eda de Corrientes contin\u00faa con la b\u00fasqueda activa de Diego Sebasti\u00e1n Su\u00e1rez. A lo largo de este tiempo se siguen desplegando amplias acciones operativas en distintos sectores y lugares, con el objetivo de lograr dar con su paradero.<\/div>\n<\/div>\n<div class=\"x14z9mp xat24cr x1lziwak x1vvkbs xtlvy1s x126k92a\">\n<div dir=\"auto\">Desde el primer momento en que se tom\u00f3 conocimiento de la ausencia del ciudadano SU\u00c1REZ DIEGO SANTIAGO, de 21 a\u00f1os de edad, domiciliado en la localidad de Paso de los Libres y quien se habr\u00eda ausentado de su hogar el 15-02-25, la Polic\u00eda de Corrientes intensific\u00f3 de manera inmediata el operativo de b\u00fasqueda, articulando recursos y personal especializado, la cual se sigue realizando.<\/div>\n<\/div>\n<div class=\"x14z9mp xat24cr x1lziwak x1vvkbs xtlvy1s x126k92a\">\n<div dir=\"auto\">En ese marco, se contin\u00faa realizando despliegues operacionales y de investigaci\u00f3n en Paso de los Libres, como en localidades vecinas y \u00e1reas fronterizas. Los rastrillajes se desarrollan por tierra, aire y agua, con la participaci\u00f3n de divisiones especializadas, entre ellas: embarcaciones y equipos fluviales, divisi\u00f3n Canes, equipos de drones, personal de b\u00fasqueda y rescate de distintas \u00e1reas y dependencias.<\/div>\n<\/div>\n<div class=\"x14z9mp xat24cr x1lziwak x1vvkbs xtlvy1s x126k92a\">\n<div dir=\"auto\">Asimismo, se sigue contando con la colaboraci\u00f3n de fuerzas nacionales, verific\u00e1ndose y rastrill\u00e1ndose distintos sectores y zonas ribere\u00f1as. En este sentido, se sigue visibilizando de manera permanente la fotograf\u00eda con sus datos \u2013flayer-, ante la sociedad, por lo que independientemente del trabajo que viene llevando adelante la Polic\u00eda, se considera fundamental la colaboraci\u00f3n ciudadana.<\/div>\n<\/div>\n<div class=\"x14z9mp xat24cr x1lziwak x1vvkbs xtlvy1s x126k92a\">\n<div dir=\"auto\">Por ello, se solicita a cualquier persona que pueda aportar datos ciertos y relevantes que permitan avanzar en la b\u00fasqueda, comunicarse: en el interior de la provincia, al 101, en Capital, al sistema Integral de Seguridad 911, o bien dirigirse a la dependencia policial m\u00e1s cercana a su domicilio.<\/div>\n<\/div>\n<div class=\"x14z9mp xat24cr x1lziwak x1vvkbs xtlvy1s x126k92a\">\n<div dir=\"auto\">Prensa Policial<\/div>\n<\/div>\n<\/div>\n<\/div>\n<\/div>\n<\/div>\n<\/div>\n<\/div>\n<div id=\"_r_6a8_\" class=\"html-div xdj266r x14z9mp xat24cr x1lziwak xexx8yu xyri2b x18d9i69 x1c1uobl x1n2onr6\">\n<div class=\"html-div xdj266r x14z9mp xat24cr x1lziwak xexx8yu xyri2b x18d9i69 x1c1uobl x1n2onr6\">\n<div class=\"html-div xdj266r x14z9mp xat24cr x1lziwak xexx8yu xyri2b x18d9i69 x1c1uobl\">\n<div class=\"x1n2onr6\">\n<div class=\"x1n2onr6\">\n<div class=\"x6ikm8r x10wlt62 x10l6tqk\"><\/div>\n<div class=\"x6ikm8r x10wlt62 x10l6tqk\"><\/div>\n<div class=\"x6ikm8r x10wlt62 x10l6tqk\"><img loading=\"lazy\" decoding=\"async\" class=\"alignnone size-medium wp-image-4615\" src=\"https:\/\/elpueblonoticia.com.ar\/web\/wp-content\/uploads\/2025\/12\/591763912_1427082066086170_263032939848545807_n-300x225.jpg\" alt=\"\" width=\"300\" height=\"225\" srcset=\"https:\/\/elpueblonoticia.com.ar\/web\/wp-content\/uploads\/2025\/12\/591763912_1427082066086170_263032939848545807_n-300x225.jpg 300w, https:\/\/elpueblonoticia.com.ar\/web\/wp-content\/uploads\/2025\/12\/591763912_1427082066086170_263032939848545807_n-1024x768.jpg 1024w, https:\/\/elpueblonoticia.com.ar\/web\/wp-content\/uploads\/2025\/12\/591763912_1427082066086170_263032939848545807_n-768x576.jpg 768w, https:\/\/elpueblonoticia.com.ar\/web\/wp-content\/uploads\/2025\/12\/591763912_1427082066086170_263032939848545807_n-560x420.jpg 560w, https:\/\/elpueblonoticia.com.ar\/web\/wp-content\/uploads\/2025\/12\/591763912_1427082066086170_263032939848545807_n-80x60.jpg 80w, https:\/\/elpueblonoticia.com.ar\/web\/wp-content\/uploads\/2025\/12\/591763912_1427082066086170_263032939848545807_n-696x522.jpg 696w, https:\/\/elpueblonoticia.com.ar\/web\/wp-content\/uploads\/2025\/12\/591763912_1427082066086170_263032939848545807_n-1068x801.jpg 1068w, https:\/\/elpueblonoticia.com.ar\/web\/wp-content\/uploads\/2025\/12\/591763912_1427082066086170_263032939848545807_n-265x198.jpg 265w, https:\/\/elpueblonoticia.com.ar\/web\/wp-content\/uploads\/2025\/12\/591763912_1427082066086170_263032939848545807_n.jpg 1280w\" sizes=\"auto, (max-width: 300px) 100vw, 300px\" \/> <img loading=\"lazy\" decoding=\"async\" class=\"alignnone size-medium wp-image-4616\" src=\"https:\/\/elpueblonoticia.com.ar\/web\/wp-content\/uploads\/2025\/12\/592392623_1427081776086199_1890459313498462492_n-300x225.jpg\" alt=\"\" width=\"300\" height=\"225\" srcset=\"https:\/\/elpueblonoticia.com.ar\/web\/wp-content\/uploads\/2025\/12\/592392623_1427081776086199_1890459313498462492_n-300x225.jpg 300w, https:\/\/elpueblonoticia.com.ar\/web\/wp-content\/uploads\/2025\/12\/592392623_1427081776086199_1890459313498462492_n-1024x767.jpg 1024w, https:\/\/elpueblonoticia.com.ar\/web\/wp-content\/uploads\/2025\/12\/592392623_1427081776086199_1890459313498462492_n-768x575.jpg 768w, https:\/\/elpueblonoticia.com.ar\/web\/wp-content\/uploads\/2025\/12\/592392623_1427081776086199_1890459313498462492_n-561x420.jpg 561w, https:\/\/elpueblonoticia.com.ar\/web\/wp-content\/uploads\/2025\/12\/592392623_1427081776086199_1890459313498462492_n-80x60.jpg 80w, https:\/\/elpueblonoticia.com.ar\/web\/wp-content\/uploads\/2025\/12\/592392623_1427081776086199_1890459313498462492_n-696x521.jpg 696w, https:\/\/elpueblonoticia.com.ar\/web\/wp-content\/uploads\/2025\/12\/592392623_1427081776086199_1890459313498462492_n-1068x800.jpg 1068w, https:\/\/elpueblonoticia.com.ar\/web\/wp-content\/uploads\/2025\/12\/592392623_1427081776086199_1890459313498462492_n-265x198.jpg 265w, https:\/\/elpueblonoticia.com.ar\/web\/wp-content\/uploads\/2025\/12\/592392623_1427081776086199_1890459313498462492_n.jpg 1280w\" sizes=\"auto, (max-width: 300px) 100vw, 300px\" \/> <img loading=\"lazy\" decoding=\"async\" class=\"alignnone size-medium wp-image-4618\" src=\"https:\/\/elpueblonoticia.com.ar\/web\/wp-content\/uploads\/2025\/12\/593858867_1427082186086158_7708883168520287807_n-212x300.jpg\" alt=\"\" width=\"212\" height=\"300\" srcset=\"https:\/\/elpueblonoticia.com.ar\/web\/wp-content\/uploads\/2025\/12\/593858867_1427082186086158_7708883168520287807_n-212x300.jpg 212w, https:\/\/elpueblonoticia.com.ar\/web\/wp-content\/uploads\/2025\/12\/593858867_1427082186086158_7708883168520287807_n-724x1024.jpg 724w, https:\/\/elpueblonoticia.com.ar\/web\/wp-content\/uploads\/2025\/12\/593858867_1427082186086158_7708883168520287807_n-768x1086.jpg 768w, https:\/\/elpueblonoticia.com.ar\/web\/wp-content\/uploads\/2025\/12\/593858867_1427082186086158_7708883168520287807_n-1086x1536.jpg 1086w, https:\/\/elpueblonoticia.com.ar\/web\/wp-content\/uploads\/2025\/12\/593858867_1427082186086158_7708883168520287807_n-297x420.jpg 297w, https:\/\/elpueblonoticia.com.ar\/web\/wp-content\/uploads\/2025\/12\/593858867_1427082186086158_7708883168520287807_n-696x985.jpg 696w, https:\/\/elpueblonoticia.com.ar\/web\/wp-content\/uploads\/2025\/12\/593858867_1427082186086158_7708883168520287807_n-1068x1511.jpg 1068w, https:\/\/elpueblonoticia.com.ar\/web\/wp-content\/uploads\/2025\/12\/593858867_1427082186086158_7708883168520287807_n.jpg 1131w\" sizes=\"auto, (max-width: 212px) 100vw, 212px\" \/><\/div>\n<div class=\"x6ikm8r x10wlt62 x10l6tqk\"><\/div>\n<\/div>\n<\/div>\n<\/div>\n<\/div>\n<div class=\"html-div xdj266r x14z9mp xat24cr x1lziwak xexx8yu xyri2b x18d9i69 x1c1uobl x6ikm8r x10wlt62\"><\/div>\n<\/div>\n<\/div>\n<div class=\"x6s0dn4 x78zum5 xz9dl7a xpdmqnj xsag5q8 x1g0dm76\">\n<div class=\"html-div xdj266r x14z9mp xat24cr x1lziwak xexx8yu xyri2b x18d9i69 x1c1uobl x78zum5 x1n2onr6 xh8yej3\">\n<div class=\"x1n2onr6 x1ja2u2z xlhe6ec xw5cjc7 x1dmpuos x1vsv7so xau1kf4 x9f619 xh8yej3 x6ikm8r x10wlt62 xz9dl7a xpdmqnj xsag5q8 x1g0dm76\">\n<div class=\"x78zum5 xdt5ytf xz62fqu x16ldp7u\">\n<div class=\"xu06os2 x1ok221b\"><\/div>\n<\/div>\n<\/div>\n<\/div>\n<\/div>\n","protected":false},"excerpt":{"rendered":"<p>Policiales 2 de Diciembre de 2025 La Polic\u00eda de Corrientes contin\u00faa con la b\u00fasqueda activa de Diego Sebasti\u00e1n Su\u00e1rez. A lo largo de este tiempo se siguen desplegando amplias acciones operativas en distintos sectores y lugares, con el objetivo de lograr dar con su paradero. Desde el primer momento en que se tom\u00f3 conocimiento de [&hellip;]<\/p>\n","protected":false},"author":2,"featured_media":4617,"comment_status":"open","ping_status":"open","sticky":false,"template":"","format":"standard","meta":{"footnotes":""},"categories":[77],"tags":[],"class_list":{"0":"post-4614","1":"post","2":"type-post","3":"status-publish","4":"format-standard","5":"has-post-thumbnail","7":"category-paso-de-los-libres"},"_links":{"self":[{"href":"https:\/\/elpueblonoticia.com.ar\/web\/wp-json\/wp\/v2\/posts\/4614","targetHints":{"allow":["GET"]}}],"collection":[{"href":"https:\/\/elpueblonoticia.com.ar\/web\/wp-json\/wp\/v2\/posts"}],"about":[{"href":"https:\/\/elpueblonoticia.com.ar\/web\/wp-json\/wp\/v2\/types\/post"}],"author":[{"embeddable":true,"href":"https:\/\/elpueblonoticia.com.ar\/web\/wp-json\/wp\/v2\/users\/2"}],"replies":[{"embeddable":true,"href":"https:\/\/elpueblonoticia.com.ar\/web\/wp-json\/wp\/v2\/comments?post=4614"}],"version-history":[{"count":1,"href":"https:\/\/elpueblonoticia.com.ar\/web\/wp-json\/wp\/v2\/posts\/4614\/revisions"}],"predecessor-version":[{"id":4619,"href":"https:\/\/elpueblonoticia.com.ar\/web\/wp-json\/wp\/v2\/posts\/4614\/revisions\/4619"}],"wp:featuredmedia":[{"embeddable":true,"href":"https:\/\/elpueblonoticia.com.ar\/web\/wp-json\/wp\/v2\/media\/4617"}],"wp:attachment":[{"href":"https:\/\/elpueblonoticia.com.ar\/web\/wp-json\/wp\/v2\/media?parent=4614"}],"wp:term":[{"taxonomy":"category","embeddable":true,"href":"https:\/\/elpueblonoticia.com.ar\/web\/wp-json\/wp\/v2\/categories?post=4614"},{"taxonomy":"post_tag","embeddable":true,"href":"https:\/\/elpueblonoticia.com.ar\/web\/wp-json\/wp\/v2\/tags?post=4614"}],"curies":[{"name":"wp","href":"https:\/\/api.w.org\/{rel}","templated":true}]}}