{"id":4604,"date":"2025-12-02T11:45:19","date_gmt":"2025-12-02T14:45:19","guid":{"rendered":"https:\/\/elpueblonoticia.com.ar\/web\/?p=4604"},"modified":"2025-12-02T11:45:19","modified_gmt":"2025-12-02T14:45:19","slug":"ultima-hora-fallece-beatriz-ferreira-la-mujer-rescatada-del-auto-incendiado-en-paso-de-los-libres","status":"publish","type":"post","link":"https:\/\/elpueblonoticia.com.ar\/web\/2025\/12\/02\/ultima-hora-fallece-beatriz-ferreira-la-mujer-rescatada-del-auto-incendiado-en-paso-de-los-libres\/","title":{"rendered":"\u00daLTIMA HORA: Fallece Beatriz Ferreira, la mujer rescatada del auto incendiado en Paso de los Libres"},"content":{"rendered":"<p>Policiales<\/p>\n<p>2 de Diciembre de 2025<\/p>\n<p>Lamentamos informar que Beatriz Ferreira, una de las personas rescatadas del veh\u00edculo que se incendi\u00f3 en la intersecci\u00f3n de las calles 25 de Mayo y Belgrano en Paso de los Libres, falleci\u00f3 en el hospital debido a las graves quemaduras sufridas. La noticia fue confirmada por fuentes cercanas a la familia \u00b9.<\/p>\n<p>Recordemos que el incidente ocurri\u00f3 cuando un polic\u00eda-bombero que pasaba por el lugar rescat\u00f3 a Beatriz y a Mario Mi\u00f1o, quienes fueron trasladados de inmediato al hospital con quemaduras graves. A pesar de los esfuerzos m\u00e9dicos, Ferreira no pudo superar las lesiones y falleci\u00f3.<\/p>\n<p>La investigaci\u00f3n sobre las causas del incendio sigue en curso, aunque se presume que podr\u00eda haber sido provocado por una chispa de cigarrillo. Nuestras condolencias a la familia y amigos de Beatriz\u00a0Ferreira.<\/p>\n","protected":false},"excerpt":{"rendered":"<p>Policiales 2 de Diciembre de 2025 Lamentamos informar que Beatriz Ferreira, una de las personas rescatadas del veh\u00edculo que se incendi\u00f3 en la intersecci\u00f3n de las calles 25 de Mayo y Belgrano en Paso de los Libres, falleci\u00f3 en el hospital debido a las graves quemaduras sufridas. La noticia fue confirmada por fuentes cercanas a [&hellip;]<\/p>\n","protected":false},"author":2,"featured_media":4605,"comment_status":"open","ping_status":"open","sticky":false,"template":"","format":"standard","meta":{"footnotes":""},"categories":[77],"tags":[],"class_list":{"0":"post-4604","1":"post","2":"type-post","3":"status-publish","4":"format-standard","5":"has-post-thumbnail","7":"category-paso-de-los-libres"},"_links":{"self":[{"href":"https:\/\/elpueblonoticia.com.ar\/web\/wp-json\/wp\/v2\/posts\/4604","targetHints":{"allow":["GET"]}}],"collection":[{"href":"https:\/\/elpueblonoticia.com.ar\/web\/wp-json\/wp\/v2\/posts"}],"about":[{"href":"https:\/\/elpueblonoticia.com.ar\/web\/wp-json\/wp\/v2\/types\/post"}],"author":[{"embeddable":true,"href":"https:\/\/elpueblonoticia.com.ar\/web\/wp-json\/wp\/v2\/users\/2"}],"replies":[{"embeddable":true,"href":"https:\/\/elpueblonoticia.com.ar\/web\/wp-json\/wp\/v2\/comments?post=4604"}],"version-history":[{"count":1,"href":"https:\/\/elpueblonoticia.com.ar\/web\/wp-json\/wp\/v2\/posts\/4604\/revisions"}],"predecessor-version":[{"id":4606,"href":"https:\/\/elpueblonoticia.com.ar\/web\/wp-json\/wp\/v2\/posts\/4604\/revisions\/4606"}],"wp:featuredmedia":[{"embeddable":true,"href":"https:\/\/elpueblonoticia.com.ar\/web\/wp-json\/wp\/v2\/media\/4605"}],"wp:attachment":[{"href":"https:\/\/elpueblonoticia.com.ar\/web\/wp-json\/wp\/v2\/media?parent=4604"}],"wp:term":[{"taxonomy":"category","embeddable":true,"href":"https:\/\/elpueblonoticia.com.ar\/web\/wp-json\/wp\/v2\/categories?post=4604"},{"taxonomy":"post_tag","embeddable":true,"href":"https:\/\/elpueblonoticia.com.ar\/web\/wp-json\/wp\/v2\/tags?post=4604"}],"curies":[{"name":"wp","href":"https:\/\/api.w.org\/{rel}","templated":true}]}}