{"id":4601,"date":"2025-12-02T10:50:45","date_gmt":"2025-12-02T13:50:45","guid":{"rendered":"https:\/\/elpueblonoticia.com.ar\/web\/?p=4601"},"modified":"2025-12-02T10:50:45","modified_gmt":"2025-12-02T13:50:45","slug":"el-juez-aldaz-dicto-la-prision-preventiva-para-los-dos-presuntos-autores-de-la-agresion-a-un-joven-con-un-arma-blanca","status":"publish","type":"post","link":"https:\/\/elpueblonoticia.com.ar\/web\/2025\/12\/02\/el-juez-aldaz-dicto-la-prision-preventiva-para-los-dos-presuntos-autores-de-la-agresion-a-un-joven-con-un-arma-blanca\/","title":{"rendered":"El Juez Aldaz dict\u00f3 la prisi\u00f3n preventiva para los dos presuntos autores de la agresi\u00f3n a un joven con un arma blanca"},"content":{"rendered":"<p><strong>Judiciales\u00a0<\/strong><\/p>\n<p>2 de Diciembre de 2025<\/p>\n<p>Por Ignacio Villanueva<\/p>\n<p>Se trata de dos hermanos de apellido Vargas. Est\u00e1n imputados de los delitos \u201cTentativa de homicidio agravado por la participaci\u00f3n de un menor\u201d. En audiencia de \u201cMedida de Coerci\u00f3n\u201d, el Fiscal Sotelo, solicit\u00f3 la prisi\u00f3n preventiva. El Juez de Garant\u00edas, Gabriel Aldaz hizo lugar al planteo. En tanto que la defensa impugn\u00f3 la decisi\u00f3n del juez y recurri\u00f3 al Tribunal de Revisi\u00f3n de Mercedes, que rechaz\u00f3 el planteo defensivo y dej\u00f3 firme la prisi\u00f3n preventiva. El hecho fue en la madrugada del lunes 24 de noviembre, en la intersecci\u00f3n de Av. Belgrano y Di Tomaso, lugar en el que Bruno Ortiz, fue agredido con un arma blanca que le provoc\u00f3 heridas de consideraci\u00f3n, de las que se encuentra aun recuperando.<\/p>\n<p>El pasado viernes en la audiencia de \u201cMedida de Coerci\u00f3n\u201d, realizada en la Oficina Judicial (OFIJU), el Juez de Garant\u00edas, Gabriel Aldaz, orden\u00f3 la prisi\u00f3n preventiva para los hermanos Vargas, imputados por el Fiscal de Investigaciones Concretas, Facundo Sotelo, por el delito \u201cTentativa de homicidio agravado por la participaci\u00f3n de un menor\u201d.<\/p>\n<p>En la audiencia, luego exponer el Fiscal, los motivos y las razones de la prisi\u00f3n preventiva, el Juez Aldaz, hizo lugar al planteo formulado.<\/p>\n<p>Por su parte, la defensa, ejercida por el Dr. Burgos, impugn\u00f3 la decisi\u00f3n del juez y recurri\u00f3 al Tribunal de Revisi\u00f3n de Mercedes, que rechaz\u00f3 el planteo defensivo y dej\u00f3 firme la prisi\u00f3n preventiva.<\/p>\n<p>El hecho fue en la madrugada del lunes 24 de noviembre \u00faltimo, en la intersecci\u00f3n de Av. Belgrano y Di Tomaso, lugar en el que Bruno Ortiz, luego de ser amedrentado, fue agredido con un arma blanca, que le provoc\u00f3 heridas de consideraci\u00f3n, de las que se encuentra aun recuperando. Ortiz iba acompa\u00f1ado por otro joven que tambi\u00e9n fue atacado y que present\u00f3 heridas de menor gravedad.<\/p>\n<p>Posteriormente en un operativo policial en una vivienda del Barrio La Merced, detuvo a los dos presuntos autores.<\/p>\n<p>&nbsp;<\/p>\n","protected":false},"excerpt":{"rendered":"<p>Judiciales\u00a0 2 de Diciembre de 2025 Por Ignacio Villanueva Se trata de dos hermanos de apellido Vargas. Est\u00e1n imputados de los delitos \u201cTentativa de homicidio agravado por la participaci\u00f3n de un menor\u201d. En audiencia de \u201cMedida de Coerci\u00f3n\u201d, el Fiscal Sotelo, solicit\u00f3 la prisi\u00f3n preventiva. El Juez de Garant\u00edas, Gabriel Aldaz hizo lugar al planteo. [&hellip;]<\/p>\n","protected":false},"author":2,"featured_media":4602,"comment_status":"open","ping_status":"open","sticky":false,"template":"","format":"standard","meta":{"footnotes":""},"categories":[77],"tags":[],"class_list":{"0":"post-4601","1":"post","2":"type-post","3":"status-publish","4":"format-standard","5":"has-post-thumbnail","7":"category-paso-de-los-libres"},"_links":{"self":[{"href":"https:\/\/elpueblonoticia.com.ar\/web\/wp-json\/wp\/v2\/posts\/4601","targetHints":{"allow":["GET"]}}],"collection":[{"href":"https:\/\/elpueblonoticia.com.ar\/web\/wp-json\/wp\/v2\/posts"}],"about":[{"href":"https:\/\/elpueblonoticia.com.ar\/web\/wp-json\/wp\/v2\/types\/post"}],"author":[{"embeddable":true,"href":"https:\/\/elpueblonoticia.com.ar\/web\/wp-json\/wp\/v2\/users\/2"}],"replies":[{"embeddable":true,"href":"https:\/\/elpueblonoticia.com.ar\/web\/wp-json\/wp\/v2\/comments?post=4601"}],"version-history":[{"count":1,"href":"https:\/\/elpueblonoticia.com.ar\/web\/wp-json\/wp\/v2\/posts\/4601\/revisions"}],"predecessor-version":[{"id":4603,"href":"https:\/\/elpueblonoticia.com.ar\/web\/wp-json\/wp\/v2\/posts\/4601\/revisions\/4603"}],"wp:featuredmedia":[{"embeddable":true,"href":"https:\/\/elpueblonoticia.com.ar\/web\/wp-json\/wp\/v2\/media\/4602"}],"wp:attachment":[{"href":"https:\/\/elpueblonoticia.com.ar\/web\/wp-json\/wp\/v2\/media?parent=4601"}],"wp:term":[{"taxonomy":"category","embeddable":true,"href":"https:\/\/elpueblonoticia.com.ar\/web\/wp-json\/wp\/v2\/categories?post=4601"},{"taxonomy":"post_tag","embeddable":true,"href":"https:\/\/elpueblonoticia.com.ar\/web\/wp-json\/wp\/v2\/tags?post=4601"}],"curies":[{"name":"wp","href":"https:\/\/api.w.org\/{rel}","templated":true}]}}