{"id":4595,"date":"2025-12-02T10:24:33","date_gmt":"2025-12-02T13:24:33","guid":{"rendered":"https:\/\/elpueblonoticia.com.ar\/web\/?p=4595"},"modified":"2025-12-02T10:24:33","modified_gmt":"2025-12-02T13:24:33","slug":"otro-despiste-y-vuelco-en-ruta-14","status":"publish","type":"post","link":"https:\/\/elpueblonoticia.com.ar\/web\/2025\/12\/02\/otro-despiste-y-vuelco-en-ruta-14\/","title":{"rendered":"Otro despiste y vuelco en Ruta 14"},"content":{"rendered":"<p><strong>Policiales<\/strong><\/p>\n<p>2 de Diciembre de 2025<\/p>\n<h3>El siniestro ocurri\u00f3 esta ma\u00f1ana a la altura del kil\u00f3metro 364\/65 cuando una Renault Kangoo que circulaba en sentido Norte-Sur, se sali\u00f3 del trazado.<\/h3>\n<div>Bomberos del Cuartel de Mocoret\u00e1 recibieron un llamado de emergencia\u00a0de Gendarmer\u00eda Nacional a las 5:20 de este martes.<\/div>\n<div><\/div>\n<div>Cuando la unidad de rescate con cuatro tripulantes lleg\u00f3 al punto del siniestro, se encontr\u00f3 con el veh\u00edculo accidentado en el cantero central, con sus ocupantes heridos, dos mayores y dos menores, que debieron ser trasladados hasta el hospital Santa Catalina de Mocoret\u00e1.<\/div>\n<div>\n<div>Se desconoce las razones que provocaron el despiste y posterior vuelco.<\/div>\n<div><\/div>\n<div>Participaron en el operativo de asistencia personal de Polic\u00eda de Mocoret\u00e1, Juan Pujol, Gendarmer\u00eda Nacional, Bomberos Voluntarios de Mocoret\u00e1 y personal sanitario del Hospital de Mocoret\u00e1.<\/div>\n<div><\/div>\n<div>Fuente : Bomberos Mocoret\u00e1<\/div>\n<\/div>\n","protected":false},"excerpt":{"rendered":"<p>Policiales 2 de Diciembre de 2025 El siniestro ocurri\u00f3 esta ma\u00f1ana a la altura del kil\u00f3metro 364\/65 cuando una Renault Kangoo que circulaba en sentido Norte-Sur, se sali\u00f3 del trazado. Bomberos del Cuartel de Mocoret\u00e1 recibieron un llamado de emergencia\u00a0de Gendarmer\u00eda Nacional a las 5:20 de este martes. Cuando la unidad de rescate con cuatro [&hellip;]<\/p>\n","protected":false},"author":2,"featured_media":4596,"comment_status":"open","ping_status":"open","sticky":false,"template":"","format":"standard","meta":{"footnotes":""},"categories":[72],"tags":[],"class_list":{"0":"post-4595","1":"post","2":"type-post","3":"status-publish","4":"format-standard","5":"has-post-thumbnail","7":"category-provinciales"},"_links":{"self":[{"href":"https:\/\/elpueblonoticia.com.ar\/web\/wp-json\/wp\/v2\/posts\/4595","targetHints":{"allow":["GET"]}}],"collection":[{"href":"https:\/\/elpueblonoticia.com.ar\/web\/wp-json\/wp\/v2\/posts"}],"about":[{"href":"https:\/\/elpueblonoticia.com.ar\/web\/wp-json\/wp\/v2\/types\/post"}],"author":[{"embeddable":true,"href":"https:\/\/elpueblonoticia.com.ar\/web\/wp-json\/wp\/v2\/users\/2"}],"replies":[{"embeddable":true,"href":"https:\/\/elpueblonoticia.com.ar\/web\/wp-json\/wp\/v2\/comments?post=4595"}],"version-history":[{"count":1,"href":"https:\/\/elpueblonoticia.com.ar\/web\/wp-json\/wp\/v2\/posts\/4595\/revisions"}],"predecessor-version":[{"id":4597,"href":"https:\/\/elpueblonoticia.com.ar\/web\/wp-json\/wp\/v2\/posts\/4595\/revisions\/4597"}],"wp:featuredmedia":[{"embeddable":true,"href":"https:\/\/elpueblonoticia.com.ar\/web\/wp-json\/wp\/v2\/media\/4596"}],"wp:attachment":[{"href":"https:\/\/elpueblonoticia.com.ar\/web\/wp-json\/wp\/v2\/media?parent=4595"}],"wp:term":[{"taxonomy":"category","embeddable":true,"href":"https:\/\/elpueblonoticia.com.ar\/web\/wp-json\/wp\/v2\/categories?post=4595"},{"taxonomy":"post_tag","embeddable":true,"href":"https:\/\/elpueblonoticia.com.ar\/web\/wp-json\/wp\/v2\/tags?post=4595"}],"curies":[{"name":"wp","href":"https:\/\/api.w.org\/{rel}","templated":true}]}}