{"id":4588,"date":"2025-12-01T23:47:37","date_gmt":"2025-12-02T02:47:37","guid":{"rendered":"https:\/\/elpueblonoticia.com.ar\/web\/?p=4588"},"modified":"2025-12-01T23:47:37","modified_gmt":"2025-12-02T02:47:37","slug":"nuevas-autoridades-municipales-asumiran-el-9-de-diciembre-en-paso-de-los-libres","status":"publish","type":"post","link":"https:\/\/elpueblonoticia.com.ar\/web\/2025\/12\/01\/nuevas-autoridades-municipales-asumiran-el-9-de-diciembre-en-paso-de-los-libres\/","title":{"rendered":"NUEVAS AUTORIDADES MUNICIPALES ASUMIR\u00c1N EL 9 DE DICIEMBRE EN PASO DE LOS LIBRES"},"content":{"rendered":"<p><strong>Informaci\u00f3n General<\/strong><\/p>\n<p>1 de Diciembre de 2025<\/p>\n<p>El pr\u00f3ximo 9 de diciembre, la ciudad de Paso de los Libres ser\u00e1 escenario del acto de asunci\u00f3n de las nuevas autoridades municipales. El intendente electo, Agust\u00edn Faraldo, y los nuevos concejales tomar\u00e1n posesi\u00f3n de sus cargos en una ceremonia que se realizar\u00e1 a partir de las 19 horas en la Plaza Independencia.<\/p>\n<p>Faraldo invit\u00f3 a la ciudadan\u00eda a acompa\u00f1ar el evento, destacando que es un momento importante para la ciudad y un compromiso que asume con responsabilidad. &#8220;Seguiremos escuchando a cada vecino, como lo hicimos desde el primer d\u00eda&#8221;, expres\u00f3 el intendente\u00a0electo.<\/p>\n<p><img loading=\"lazy\" decoding=\"async\" class=\"alignnone size-medium wp-image-4589\" src=\"https:\/\/elpueblonoticia.com.ar\/web\/wp-content\/uploads\/2025\/12\/587857810_18065293964544002_8619531774518468806_n-240x300.jpg\" alt=\"\" width=\"240\" height=\"300\" srcset=\"https:\/\/elpueblonoticia.com.ar\/web\/wp-content\/uploads\/2025\/12\/587857810_18065293964544002_8619531774518468806_n-240x300.jpg 240w, https:\/\/elpueblonoticia.com.ar\/web\/wp-content\/uploads\/2025\/12\/587857810_18065293964544002_8619531774518468806_n-819x1024.jpg 819w, https:\/\/elpueblonoticia.com.ar\/web\/wp-content\/uploads\/2025\/12\/587857810_18065293964544002_8619531774518468806_n-768x960.jpg 768w, https:\/\/elpueblonoticia.com.ar\/web\/wp-content\/uploads\/2025\/12\/587857810_18065293964544002_8619531774518468806_n-1229x1536.jpg 1229w, https:\/\/elpueblonoticia.com.ar\/web\/wp-content\/uploads\/2025\/12\/587857810_18065293964544002_8619531774518468806_n-336x420.jpg 336w, https:\/\/elpueblonoticia.com.ar\/web\/wp-content\/uploads\/2025\/12\/587857810_18065293964544002_8619531774518468806_n-696x870.jpg 696w, https:\/\/elpueblonoticia.com.ar\/web\/wp-content\/uploads\/2025\/12\/587857810_18065293964544002_8619531774518468806_n-1068x1335.jpg 1068w, https:\/\/elpueblonoticia.com.ar\/web\/wp-content\/uploads\/2025\/12\/587857810_18065293964544002_8619531774518468806_n.jpg 1350w\" sizes=\"auto, (max-width: 240px) 100vw, 240px\" \/><\/p>\n","protected":false},"excerpt":{"rendered":"<p>Informaci\u00f3n General 1 de Diciembre de 2025 El pr\u00f3ximo 9 de diciembre, la ciudad de Paso de los Libres ser\u00e1 escenario del acto de asunci\u00f3n de las nuevas autoridades municipales. El intendente electo, Agust\u00edn Faraldo, y los nuevos concejales tomar\u00e1n posesi\u00f3n de sus cargos en una ceremonia que se realizar\u00e1 a partir de las 19 [&hellip;]<\/p>\n","protected":false},"author":2,"featured_media":4590,"comment_status":"open","ping_status":"open","sticky":false,"template":"","format":"standard","meta":{"footnotes":""},"categories":[77],"tags":[],"class_list":{"0":"post-4588","1":"post","2":"type-post","3":"status-publish","4":"format-standard","5":"has-post-thumbnail","7":"category-paso-de-los-libres"},"_links":{"self":[{"href":"https:\/\/elpueblonoticia.com.ar\/web\/wp-json\/wp\/v2\/posts\/4588","targetHints":{"allow":["GET"]}}],"collection":[{"href":"https:\/\/elpueblonoticia.com.ar\/web\/wp-json\/wp\/v2\/posts"}],"about":[{"href":"https:\/\/elpueblonoticia.com.ar\/web\/wp-json\/wp\/v2\/types\/post"}],"author":[{"embeddable":true,"href":"https:\/\/elpueblonoticia.com.ar\/web\/wp-json\/wp\/v2\/users\/2"}],"replies":[{"embeddable":true,"href":"https:\/\/elpueblonoticia.com.ar\/web\/wp-json\/wp\/v2\/comments?post=4588"}],"version-history":[{"count":1,"href":"https:\/\/elpueblonoticia.com.ar\/web\/wp-json\/wp\/v2\/posts\/4588\/revisions"}],"predecessor-version":[{"id":4591,"href":"https:\/\/elpueblonoticia.com.ar\/web\/wp-json\/wp\/v2\/posts\/4588\/revisions\/4591"}],"wp:featuredmedia":[{"embeddable":true,"href":"https:\/\/elpueblonoticia.com.ar\/web\/wp-json\/wp\/v2\/media\/4590"}],"wp:attachment":[{"href":"https:\/\/elpueblonoticia.com.ar\/web\/wp-json\/wp\/v2\/media?parent=4588"}],"wp:term":[{"taxonomy":"category","embeddable":true,"href":"https:\/\/elpueblonoticia.com.ar\/web\/wp-json\/wp\/v2\/categories?post=4588"},{"taxonomy":"post_tag","embeddable":true,"href":"https:\/\/elpueblonoticia.com.ar\/web\/wp-json\/wp\/v2\/tags?post=4588"}],"curies":[{"name":"wp","href":"https:\/\/api.w.org\/{rel}","templated":true}]}}