{"id":4585,"date":"2025-12-01T23:29:10","date_gmt":"2025-12-02T02:29:10","guid":{"rendered":"https:\/\/elpueblonoticia.com.ar\/web\/?p=4585"},"modified":"2025-12-01T23:29:10","modified_gmt":"2025-12-02T02:29:10","slug":"la-asociacion-cultural-social-y-deportiva-zum-zum-renovo-su-comision-directiva","status":"publish","type":"post","link":"https:\/\/elpueblonoticia.com.ar\/web\/2025\/12\/01\/la-asociacion-cultural-social-y-deportiva-zum-zum-renovo-su-comision-directiva\/","title":{"rendered":"La Asociaci\u00f3n Cultural, Social y Deportiva Zum Zum renov\u00f3 su comisi\u00f3n directiva"},"content":{"rendered":"<p><strong>Sociales<\/strong><\/p>\n<p>1 de Diciembre de 2025<\/p>\n<div class=\"xdj266r x14z9mp xat24cr x1lziwak x1vvkbs x126k92a\">\n<div dir=\"auto\">Este domingo 30 de noviembre, la Asociaci\u00f3n Cultural, Social y Deportiva Zum Zum llev\u00f3 adelante su Asamblea de Cambio de Autoridades, en una jornada que se desarroll\u00f3 con una destacada participaci\u00f3n de socios y en un marco de armon\u00eda, respeto y compromiso institucional.<\/div>\n<\/div>\n<div class=\"x14z9mp xat24cr x1lziwak x1vvkbs xtlvy1s x126k92a\">\n<div dir=\"auto\">Durante el encuentro, se puso de manifiesto el fuerte sentido de pertenencia que caracteriza a la comunidad de la instituci\u00f3n, reafirmando el esp\u00edritu de unidad y trabajo colectivo que impulsa al club a continuar creciendo y consolid\u00e1ndose.<\/div>\n<\/div>\n<div class=\"x14z9mp xat24cr x1lziwak x1vvkbs xtlvy1s x126k92a\">\n<div dir=\"auto\">La nueva Comisi\u00f3n Directiva qued\u00f3 conformada de la siguiente manera: Presidente, Maximiliano Chamorro; Vicepresidente, Natalia Mira Gesto; Vicepresidenta 2da., Luciana Vich; Tesorero, Juan Mart\u00edn Jouli\u00e1; Protesorera, Mar\u00eda Julia Mango; Secretaria, Rosario Voss; Prosecretaria, Florencia Bulloni; Vocal Titular 1\u00b0, Rafaela Romero; Vocal Titular 2\u00b0, Gerardo Gatti; Vocal Titular 3\u00b0, Carlos Scoffield; Vocal Titular 4\u00b0, Fernando Umerez; Vocal Titular 5\u00b0, Javier Froy; Vocal Suplente 1\u00b0, Patricia Mango; Vocal Suplente 2\u00b0, Carla Berrios; Revisor de Cuentas, Federico Daporta; Revisor de Cuentas Suplente, Rosa Currius.<\/div>\n<\/div>\n","protected":false},"excerpt":{"rendered":"<p>Sociales 1 de Diciembre de 2025 Este domingo 30 de noviembre, la Asociaci\u00f3n Cultural, Social y Deportiva Zum Zum llev\u00f3 adelante su Asamblea de Cambio de Autoridades, en una jornada que se desarroll\u00f3 con una destacada participaci\u00f3n de socios y en un marco de armon\u00eda, respeto y compromiso institucional. Durante el encuentro, se puso de [&hellip;]<\/p>\n","protected":false},"author":2,"featured_media":4586,"comment_status":"open","ping_status":"open","sticky":false,"template":"","format":"standard","meta":{"footnotes":""},"categories":[77],"tags":[],"class_list":{"0":"post-4585","1":"post","2":"type-post","3":"status-publish","4":"format-standard","5":"has-post-thumbnail","7":"category-paso-de-los-libres"},"_links":{"self":[{"href":"https:\/\/elpueblonoticia.com.ar\/web\/wp-json\/wp\/v2\/posts\/4585","targetHints":{"allow":["GET"]}}],"collection":[{"href":"https:\/\/elpueblonoticia.com.ar\/web\/wp-json\/wp\/v2\/posts"}],"about":[{"href":"https:\/\/elpueblonoticia.com.ar\/web\/wp-json\/wp\/v2\/types\/post"}],"author":[{"embeddable":true,"href":"https:\/\/elpueblonoticia.com.ar\/web\/wp-json\/wp\/v2\/users\/2"}],"replies":[{"embeddable":true,"href":"https:\/\/elpueblonoticia.com.ar\/web\/wp-json\/wp\/v2\/comments?post=4585"}],"version-history":[{"count":1,"href":"https:\/\/elpueblonoticia.com.ar\/web\/wp-json\/wp\/v2\/posts\/4585\/revisions"}],"predecessor-version":[{"id":4587,"href":"https:\/\/elpueblonoticia.com.ar\/web\/wp-json\/wp\/v2\/posts\/4585\/revisions\/4587"}],"wp:featuredmedia":[{"embeddable":true,"href":"https:\/\/elpueblonoticia.com.ar\/web\/wp-json\/wp\/v2\/media\/4586"}],"wp:attachment":[{"href":"https:\/\/elpueblonoticia.com.ar\/web\/wp-json\/wp\/v2\/media?parent=4585"}],"wp:term":[{"taxonomy":"category","embeddable":true,"href":"https:\/\/elpueblonoticia.com.ar\/web\/wp-json\/wp\/v2\/categories?post=4585"},{"taxonomy":"post_tag","embeddable":true,"href":"https:\/\/elpueblonoticia.com.ar\/web\/wp-json\/wp\/v2\/tags?post=4585"}],"curies":[{"name":"wp","href":"https:\/\/api.w.org\/{rel}","templated":true}]}}