{"id":4582,"date":"2025-12-01T22:46:51","date_gmt":"2025-12-02T01:46:51","guid":{"rendered":"https:\/\/elpueblonoticia.com.ar\/web\/?p=4582"},"modified":"2025-12-01T22:46:51","modified_gmt":"2025-12-02T01:46:51","slug":"policias-lograron-evitar-que-un-joven-atentara-contra-su-vida","status":"publish","type":"post","link":"https:\/\/elpueblonoticia.com.ar\/web\/2025\/12\/01\/policias-lograron-evitar-que-un-joven-atentara-contra-su-vida\/","title":{"rendered":"Polic\u00edas lograron evitar que un joven atentara contra su vida"},"content":{"rendered":"<p><strong>Policiales<\/strong><\/p>\n<p>1 de Diciembre de 2025<\/p>\n<p>La Polic\u00eda de Corrientes inform\u00f3 este domingo que tras un r\u00e1pido accionar, efectivos de las Comisar\u00edas Primera y Segunda de Paso de los Libres lograron que un joven desista de atentar contra su vida con un arma blanca.<\/p>\n<p>El hecho se conoci\u00f3 cuando el SIS 911 alert\u00f3 a los uniformados sobre la presencia de un joven en la esquina de Hip\u00f3lito Irigoyen y Amado Bonpland, quien sosten\u00eda un arma blanca y manifestaba su intenci\u00f3n de autolesionarse.<\/p>\n<p>Ante la urgencia de la situaci\u00f3n, los polic\u00edas se dirigieron inmediatamente al lugar y mantuvieron una prolongada conversaci\u00f3n con el joven, logrando finalmente que deponga su actitud.<\/p>\n<p>Tras esto, fue puesto a resguardo, asistido y posteriormente trasladado al hospital local para recibir atenci\u00f3n m\u00e9dica.<\/p>\n<p>Desde la dependencia jurisdiccional informaron que se contin\u00faan los tr\u00e1mites correspondientes para el seguimiento del caso.<\/p>\n<p>Fuente: El Litoral<\/p>\n","protected":false},"excerpt":{"rendered":"<p>Policiales 1 de Diciembre de 2025 La Polic\u00eda de Corrientes inform\u00f3 este domingo que tras un r\u00e1pido accionar, efectivos de las Comisar\u00edas Primera y Segunda de Paso de los Libres lograron que un joven desista de atentar contra su vida con un arma blanca. El hecho se conoci\u00f3 cuando el SIS 911 alert\u00f3 a los [&hellip;]<\/p>\n","protected":false},"author":2,"featured_media":4583,"comment_status":"open","ping_status":"open","sticky":false,"template":"","format":"standard","meta":{"footnotes":""},"categories":[77],"tags":[],"class_list":{"0":"post-4582","1":"post","2":"type-post","3":"status-publish","4":"format-standard","5":"has-post-thumbnail","7":"category-paso-de-los-libres"},"_links":{"self":[{"href":"https:\/\/elpueblonoticia.com.ar\/web\/wp-json\/wp\/v2\/posts\/4582","targetHints":{"allow":["GET"]}}],"collection":[{"href":"https:\/\/elpueblonoticia.com.ar\/web\/wp-json\/wp\/v2\/posts"}],"about":[{"href":"https:\/\/elpueblonoticia.com.ar\/web\/wp-json\/wp\/v2\/types\/post"}],"author":[{"embeddable":true,"href":"https:\/\/elpueblonoticia.com.ar\/web\/wp-json\/wp\/v2\/users\/2"}],"replies":[{"embeddable":true,"href":"https:\/\/elpueblonoticia.com.ar\/web\/wp-json\/wp\/v2\/comments?post=4582"}],"version-history":[{"count":1,"href":"https:\/\/elpueblonoticia.com.ar\/web\/wp-json\/wp\/v2\/posts\/4582\/revisions"}],"predecessor-version":[{"id":4584,"href":"https:\/\/elpueblonoticia.com.ar\/web\/wp-json\/wp\/v2\/posts\/4582\/revisions\/4584"}],"wp:featuredmedia":[{"embeddable":true,"href":"https:\/\/elpueblonoticia.com.ar\/web\/wp-json\/wp\/v2\/media\/4583"}],"wp:attachment":[{"href":"https:\/\/elpueblonoticia.com.ar\/web\/wp-json\/wp\/v2\/media?parent=4582"}],"wp:term":[{"taxonomy":"category","embeddable":true,"href":"https:\/\/elpueblonoticia.com.ar\/web\/wp-json\/wp\/v2\/categories?post=4582"},{"taxonomy":"post_tag","embeddable":true,"href":"https:\/\/elpueblonoticia.com.ar\/web\/wp-json\/wp\/v2\/tags?post=4582"}],"curies":[{"name":"wp","href":"https:\/\/api.w.org\/{rel}","templated":true}]}}