{"id":4579,"date":"2025-12-01T22:41:32","date_gmt":"2025-12-02T01:41:32","guid":{"rendered":"https:\/\/elpueblonoticia.com.ar\/web\/?p=4579"},"modified":"2025-12-01T22:41:32","modified_gmt":"2025-12-02T01:41:32","slug":"exitosa-muestra-interactiva-en-el-marco-del-92o-del-combate-de-san-joaquin","status":"publish","type":"post","link":"https:\/\/elpueblonoticia.com.ar\/web\/2025\/12\/01\/exitosa-muestra-interactiva-en-el-marco-del-92o-del-combate-de-san-joaquin\/","title":{"rendered":"Exitosa muestra interactiva en el marco del 92\u00ba del combate de San Joaqu\u00edn"},"content":{"rendered":"<p><strong>Interes general<\/strong><\/p>\n<p>1 de Diciembre de 2025<\/p>\n<p><strong>Batalla de San Joaqu\u00edn (29 de diciembre de 1933)<\/strong><\/p>\n<p>Fue organizado por el Movimiento de Mujeres en Debate (MED), en el Centro Tecnol\u00f3gico, los pasados d\u00edas jueves y viernes. Participaron varios cursos de escuelas secundarias. La muestra alusiva a la Batalla de San Joaqu\u00edn (1933), cont\u00f3 con un trabajo de digitalizaci\u00f3n y animaci\u00f3n de las fotos y tuvo como objetivo promover el conocimiento de nuestra historia local, como as\u00ed tambi\u00e9n el afianzamiento de los valores democr\u00e1ticos. No descartan relanzar la muestra, con una convocatoria m\u00e1s abierta al p\u00fablico.<\/p>\n<p>El pasado jueves y viernes, se llev\u00f3 a cabo en las instalaciones del Centro Tecnol\u00f3gico, en doble turno, la muestra interactiva en el marco del 92\u00ba del Combate de San Joaqu\u00edn (29 de diciembre de 1933).<\/p>\n<p>La iniciativa estuvo dirigida a estudiantes secundarios que participaron del evento organizado por el Movimiento de Mujeres en Debate (MED) -espacio pol\u00edtico en el \u00e1mbito de la Uni\u00f3n C\u00edvica Radical- y tuvo como objetivo, promover el conocimiento de nuestra historia local, como as\u00ed el afianzamiento de los valores democr\u00e1ticos.<\/p>\n<p>Estuvieron presentes, alumnos de los establecimientos escolares, Ra\u00fal Alfons\u00edn, Pre. Arturo Frondizi, Escuela T\u00e9cnica N\u00b0 2, Coronel Sime\u00f3n Payba, acompa\u00f1ados con sus respectivos docentes.<\/p>\n<p>El trabajo de digitalizaci\u00f3n y animaci\u00f3n de fotos, y tambi\u00e9n el v\u00eddeo de la historia del combate, lo realizaron los Arquitectos, Luis C\u00e1ceres y Tatiana Kyshakevych.<\/p>\n<p>Debido al \u00e9xito de la muestra, no descartan relanzarla con una convocatoria m\u00e1s abierta al p\u00fablico.<\/p>\n<p>La gesta<\/p>\n<p>En aquellos a\u00f1os, la Uni\u00f3n C\u00edvica Radical (UCR) tom\u00f3 la iniciativa de repudiar un gobierno que lleg\u00f3 por el fraude y luego de un golpe de estado. Y fue su lema: \u201cPor la soberan\u00eda popular, que es la libertad de los pueblos\u201d, como consta en la bandera portada por el Comando del Litoral, que lucho en San Joaqu\u00edn en aquel hist\u00f3rico d\u00eda.<\/p>\n<p>Trascurridos los a\u00f1os, con el ejemplo de las anteriores generaciones se mantiene viva la memoria y se hace justicia con nuestro pasado.<\/p>\n<p>Fuente : Ignacio Villanueva<\/p>\n","protected":false},"excerpt":{"rendered":"<p>Interes general 1 de Diciembre de 2025 Batalla de San Joaqu\u00edn (29 de diciembre de 1933) Fue organizado por el Movimiento de Mujeres en Debate (MED), en el Centro Tecnol\u00f3gico, los pasados d\u00edas jueves y viernes. Participaron varios cursos de escuelas secundarias. La muestra alusiva a la Batalla de San Joaqu\u00edn (1933), cont\u00f3 con un [&hellip;]<\/p>\n","protected":false},"author":2,"featured_media":4580,"comment_status":"open","ping_status":"open","sticky":false,"template":"","format":"standard","meta":{"footnotes":""},"categories":[77],"tags":[],"class_list":{"0":"post-4579","1":"post","2":"type-post","3":"status-publish","4":"format-standard","5":"has-post-thumbnail","7":"category-paso-de-los-libres"},"_links":{"self":[{"href":"https:\/\/elpueblonoticia.com.ar\/web\/wp-json\/wp\/v2\/posts\/4579","targetHints":{"allow":["GET"]}}],"collection":[{"href":"https:\/\/elpueblonoticia.com.ar\/web\/wp-json\/wp\/v2\/posts"}],"about":[{"href":"https:\/\/elpueblonoticia.com.ar\/web\/wp-json\/wp\/v2\/types\/post"}],"author":[{"embeddable":true,"href":"https:\/\/elpueblonoticia.com.ar\/web\/wp-json\/wp\/v2\/users\/2"}],"replies":[{"embeddable":true,"href":"https:\/\/elpueblonoticia.com.ar\/web\/wp-json\/wp\/v2\/comments?post=4579"}],"version-history":[{"count":1,"href":"https:\/\/elpueblonoticia.com.ar\/web\/wp-json\/wp\/v2\/posts\/4579\/revisions"}],"predecessor-version":[{"id":4581,"href":"https:\/\/elpueblonoticia.com.ar\/web\/wp-json\/wp\/v2\/posts\/4579\/revisions\/4581"}],"wp:featuredmedia":[{"embeddable":true,"href":"https:\/\/elpueblonoticia.com.ar\/web\/wp-json\/wp\/v2\/media\/4580"}],"wp:attachment":[{"href":"https:\/\/elpueblonoticia.com.ar\/web\/wp-json\/wp\/v2\/media?parent=4579"}],"wp:term":[{"taxonomy":"category","embeddable":true,"href":"https:\/\/elpueblonoticia.com.ar\/web\/wp-json\/wp\/v2\/categories?post=4579"},{"taxonomy":"post_tag","embeddable":true,"href":"https:\/\/elpueblonoticia.com.ar\/web\/wp-json\/wp\/v2\/tags?post=4579"}],"curies":[{"name":"wp","href":"https:\/\/api.w.org\/{rel}","templated":true}]}}