{"id":4576,"date":"2025-12-01T22:34:39","date_gmt":"2025-12-02T01:34:39","guid":{"rendered":"https:\/\/elpueblonoticia.com.ar\/web\/?p=4576"},"modified":"2025-12-01T22:34:39","modified_gmt":"2025-12-02T01:34:39","slug":"continua-la-busqueda-activa-de-diego-santiago-suarez","status":"publish","type":"post","link":"https:\/\/elpueblonoticia.com.ar\/web\/2025\/12\/01\/continua-la-busqueda-activa-de-diego-santiago-suarez\/","title":{"rendered":"Contin\u00faa la b\u00fasqueda activa de Diego Santiago Su\u00e1rez"},"content":{"rendered":"<div class=\"xdj266r x14z9mp xat24cr x1lziwak x1vvkbs x126k92a\">\n<div dir=\"auto\"><strong>Policiales<\/strong><\/div>\n<\/div>\n<div dir=\"auto\">Paso de los Libres\u00a0 \u00a0 \u00a0 \u00a0 \u00a0 \u00a0 \u00a0 \u00a0 \u00a0 \u00a0 \u00a0 \u00a0 \u00a0 \u00a0 \u00a0 \u00a0 \u00a0 \u00a0 \u00a0 \u00a0 \u00a0 \u00a0 \u00a0 \u00a0 \u00a0 \u00a0 \u00a0 \u00a0 \u00a0 \u00a0 \u00a0 \u00a0 \u00a0 \u00a01 de Diciembre de 2025<\/div>\n<div dir=\"auto\"><\/div>\n<div class=\"x14z9mp xat24cr x1lziwak x1vvkbs xtlvy1s x126k92a\">\n<div dir=\"auto\">La Polic\u00eda de Corrientes contin\u00faa con la b\u00fasqueda activa de Diego Santiago Su\u00e1rez, de 21 a\u00f1os, quien se ausent\u00f3 de su hogar en Paso de los Libres el pasado 15 de febrero de 2025. Desde el primer momento, se despleg\u00f3 un intenso operativo que se mantiene vigente y en constante ampliaci\u00f3n.<\/div>\n<div dir=\"auto\"><\/div>\n<\/div>\n<div class=\"x14z9mp xat24cr x1lziwak x1vvkbs xtlvy1s x126k92a\">\n<div dir=\"auto\">Las tareas de rastrillaje y de investigaci\u00f3n se llevan adelante en distintos puntos de Paso de los Libres, localidades vecinas y zonas fronterizas, por tierra, aire y agua. Participan divisiones especializadas como equipos fluviales, la Divisi\u00f3n Canes, sistemas de drones y personal de b\u00fasqueda y rescate de diferentes \u00e1reas y dependencias.<\/div>\n<div dir=\"auto\"><\/div>\n<\/div>\n<div class=\"x14z9mp xat24cr x1lziwak x1vvkbs xtlvy1s x126k92a\">\n<div dir=\"auto\">Adem\u00e1s, se trabaja de manera articulada con fuerzas nacionales, realizando controles y verificaciones en sectores ribere\u00f1os. La difusi\u00f3n permanente de su fotograf\u00eda y datos personales tambi\u00e9n forma parte del operativo para sumar la colaboraci\u00f3n de la comunidad.<\/div>\n<\/div>\n<div class=\"x14z9mp xat24cr x1lziwak x1vvkbs xtlvy1s x126k92a\">\n<div dir=\"auto\">Se solicita a cualquier persona que cuente con informaci\u00f3n concreta que pueda ayudar a dar con su paradero, comunicarse al 101 en el interior de la provincia, al 911 en Capital o acercarse a la dependencia policial m\u00e1s cercana.<\/div>\n<\/div>\n","protected":false},"excerpt":{"rendered":"<p>Policiales Paso de los Libres\u00a0 \u00a0 \u00a0 \u00a0 \u00a0 \u00a0 \u00a0 \u00a0 \u00a0 \u00a0 \u00a0 \u00a0 \u00a0 \u00a0 \u00a0 \u00a0 \u00a0 \u00a0 \u00a0 \u00a0 \u00a0 \u00a0 \u00a0 \u00a0 \u00a0 \u00a0 \u00a0 \u00a0 \u00a0 \u00a0 \u00a0 \u00a0 \u00a0 \u00a01 de Diciembre de 2025 La Polic\u00eda de Corrientes contin\u00faa con la b\u00fasqueda activa de Diego Santiago Su\u00e1rez, [&hellip;]<\/p>\n","protected":false},"author":2,"featured_media":4577,"comment_status":"open","ping_status":"open","sticky":false,"template":"","format":"standard","meta":{"footnotes":""},"categories":[77],"tags":[],"class_list":{"0":"post-4576","1":"post","2":"type-post","3":"status-publish","4":"format-standard","5":"has-post-thumbnail","7":"category-paso-de-los-libres"},"_links":{"self":[{"href":"https:\/\/elpueblonoticia.com.ar\/web\/wp-json\/wp\/v2\/posts\/4576","targetHints":{"allow":["GET"]}}],"collection":[{"href":"https:\/\/elpueblonoticia.com.ar\/web\/wp-json\/wp\/v2\/posts"}],"about":[{"href":"https:\/\/elpueblonoticia.com.ar\/web\/wp-json\/wp\/v2\/types\/post"}],"author":[{"embeddable":true,"href":"https:\/\/elpueblonoticia.com.ar\/web\/wp-json\/wp\/v2\/users\/2"}],"replies":[{"embeddable":true,"href":"https:\/\/elpueblonoticia.com.ar\/web\/wp-json\/wp\/v2\/comments?post=4576"}],"version-history":[{"count":1,"href":"https:\/\/elpueblonoticia.com.ar\/web\/wp-json\/wp\/v2\/posts\/4576\/revisions"}],"predecessor-version":[{"id":4578,"href":"https:\/\/elpueblonoticia.com.ar\/web\/wp-json\/wp\/v2\/posts\/4576\/revisions\/4578"}],"wp:featuredmedia":[{"embeddable":true,"href":"https:\/\/elpueblonoticia.com.ar\/web\/wp-json\/wp\/v2\/media\/4577"}],"wp:attachment":[{"href":"https:\/\/elpueblonoticia.com.ar\/web\/wp-json\/wp\/v2\/media?parent=4576"}],"wp:term":[{"taxonomy":"category","embeddable":true,"href":"https:\/\/elpueblonoticia.com.ar\/web\/wp-json\/wp\/v2\/categories?post=4576"},{"taxonomy":"post_tag","embeddable":true,"href":"https:\/\/elpueblonoticia.com.ar\/web\/wp-json\/wp\/v2\/tags?post=4576"}],"curies":[{"name":"wp","href":"https:\/\/api.w.org\/{rel}","templated":true}]}}