{"id":4567,"date":"2025-12-01T21:45:39","date_gmt":"2025-12-02T00:45:39","guid":{"rendered":"https:\/\/elpueblonoticia.com.ar\/web\/?p=4567"},"modified":"2025-12-01T21:45:39","modified_gmt":"2025-12-02T00:45:39","slug":"presentacion-de-libro-en-casa-de-la-cultura","status":"publish","type":"post","link":"https:\/\/elpueblonoticia.com.ar\/web\/2025\/12\/01\/presentacion-de-libro-en-casa-de-la-cultura\/","title":{"rendered":"PRESENTACI\u00d3N DE LIBRO EN CASA DE LA CULTURA"},"content":{"rendered":"<p style=\"font-weight: 400;\">La escritora goyana Viviana Rol\u00f3n presentar\u00e1 su obra \u201cLa Voz de mi Silencio\u201d en la Casa de la Cultura.<\/p>\n<p style=\"font-weight: 400;\">Con el acompa\u00f1amiento de la Municipalidad de Goya a trav\u00e9s de la Direcci\u00f3n de Cultura, la autora har\u00e1 la presentaci\u00f3n del libro el pr\u00f3ximo jueves 4 de diciembre a las 20 horas, tras lo cual firmar\u00e1 ejemplares y conversar\u00e1 con el p\u00fablico presente.<\/p>\n<p>&nbsp;<\/p>\n","protected":false},"excerpt":{"rendered":"<p>La escritora goyana Viviana Rol\u00f3n presentar\u00e1 su obra \u201cLa Voz de mi Silencio\u201d en la Casa de la Cultura. Con el acompa\u00f1amiento de la Municipalidad de Goya a trav\u00e9s de la Direcci\u00f3n de Cultura, la autora har\u00e1 la presentaci\u00f3n del libro el pr\u00f3ximo jueves 4 de diciembre a las 20 horas, tras lo cual firmar\u00e1 [&hellip;]<\/p>\n","protected":false},"author":2,"featured_media":4568,"comment_status":"open","ping_status":"open","sticky":false,"template":"","format":"standard","meta":{"footnotes":""},"categories":[56],"tags":[],"class_list":{"0":"post-4567","1":"post","2":"type-post","3":"status-publish","4":"format-standard","5":"has-post-thumbnail","7":"category-locales"},"_links":{"self":[{"href":"https:\/\/elpueblonoticia.com.ar\/web\/wp-json\/wp\/v2\/posts\/4567","targetHints":{"allow":["GET"]}}],"collection":[{"href":"https:\/\/elpueblonoticia.com.ar\/web\/wp-json\/wp\/v2\/posts"}],"about":[{"href":"https:\/\/elpueblonoticia.com.ar\/web\/wp-json\/wp\/v2\/types\/post"}],"author":[{"embeddable":true,"href":"https:\/\/elpueblonoticia.com.ar\/web\/wp-json\/wp\/v2\/users\/2"}],"replies":[{"embeddable":true,"href":"https:\/\/elpueblonoticia.com.ar\/web\/wp-json\/wp\/v2\/comments?post=4567"}],"version-history":[{"count":1,"href":"https:\/\/elpueblonoticia.com.ar\/web\/wp-json\/wp\/v2\/posts\/4567\/revisions"}],"predecessor-version":[{"id":4569,"href":"https:\/\/elpueblonoticia.com.ar\/web\/wp-json\/wp\/v2\/posts\/4567\/revisions\/4569"}],"wp:featuredmedia":[{"embeddable":true,"href":"https:\/\/elpueblonoticia.com.ar\/web\/wp-json\/wp\/v2\/media\/4568"}],"wp:attachment":[{"href":"https:\/\/elpueblonoticia.com.ar\/web\/wp-json\/wp\/v2\/media?parent=4567"}],"wp:term":[{"taxonomy":"category","embeddable":true,"href":"https:\/\/elpueblonoticia.com.ar\/web\/wp-json\/wp\/v2\/categories?post=4567"},{"taxonomy":"post_tag","embeddable":true,"href":"https:\/\/elpueblonoticia.com.ar\/web\/wp-json\/wp\/v2\/tags?post=4567"}],"curies":[{"name":"wp","href":"https:\/\/api.w.org\/{rel}","templated":true}]}}