{"id":4561,"date":"2025-12-01T21:42:06","date_gmt":"2025-12-02T00:42:06","guid":{"rendered":"https:\/\/elpueblonoticia.com.ar\/web\/?p=4561"},"modified":"2025-12-01T21:42:06","modified_gmt":"2025-12-02T00:42:06","slug":"joven-goyano-obtiene-campeonato-europeo-de-jiu-jitsu","status":"publish","type":"post","link":"https:\/\/elpueblonoticia.com.ar\/web\/2025\/12\/01\/joven-goyano-obtiene-campeonato-europeo-de-jiu-jitsu\/","title":{"rendered":"JOVEN GOYANO OBTIENE CAMPEONATO EUROPEO DE JIU JITSU"},"content":{"rendered":"<div class=\"mceTemp\"><\/div>\n<p><img loading=\"lazy\" decoding=\"async\" class=\"size-medium wp-image-4564\" src=\"https:\/\/elpueblonoticia.com.ar\/web\/wp-content\/uploads\/2025\/12\/6D22B9DE-22BA-40B5-A39B-81D21B0E5CD9-COLLAGE-1-300x300.jpeg\" alt=\"\" width=\"300\" height=\"300\" srcset=\"https:\/\/elpueblonoticia.com.ar\/web\/wp-content\/uploads\/2025\/12\/6D22B9DE-22BA-40B5-A39B-81D21B0E5CD9-COLLAGE-1-300x300.jpeg 300w, https:\/\/elpueblonoticia.com.ar\/web\/wp-content\/uploads\/2025\/12\/6D22B9DE-22BA-40B5-A39B-81D21B0E5CD9-COLLAGE-1-1024x1024.jpeg 1024w, https:\/\/elpueblonoticia.com.ar\/web\/wp-content\/uploads\/2025\/12\/6D22B9DE-22BA-40B5-A39B-81D21B0E5CD9-COLLAGE-1-150x150.jpeg 150w, https:\/\/elpueblonoticia.com.ar\/web\/wp-content\/uploads\/2025\/12\/6D22B9DE-22BA-40B5-A39B-81D21B0E5CD9-COLLAGE-1-768x768.jpeg 768w, https:\/\/elpueblonoticia.com.ar\/web\/wp-content\/uploads\/2025\/12\/6D22B9DE-22BA-40B5-A39B-81D21B0E5CD9-COLLAGE-1-1536x1536.jpeg 1536w, https:\/\/elpueblonoticia.com.ar\/web\/wp-content\/uploads\/2025\/12\/6D22B9DE-22BA-40B5-A39B-81D21B0E5CD9-COLLAGE-1-2048x2048.jpeg 2048w, https:\/\/elpueblonoticia.com.ar\/web\/wp-content\/uploads\/2025\/12\/6D22B9DE-22BA-40B5-A39B-81D21B0E5CD9-COLLAGE-1-420x420.jpeg 420w, https:\/\/elpueblonoticia.com.ar\/web\/wp-content\/uploads\/2025\/12\/6D22B9DE-22BA-40B5-A39B-81D21B0E5CD9-COLLAGE-1-696x696.jpeg 696w, https:\/\/elpueblonoticia.com.ar\/web\/wp-content\/uploads\/2025\/12\/6D22B9DE-22BA-40B5-A39B-81D21B0E5CD9-COLLAGE-1-1068x1068.jpeg 1068w\" sizes=\"auto, (max-width: 300px) 100vw, 300px\" \/><\/p>\n<p style=\"font-weight: 400;\">Ramiro Gamboa, un joven oriundo de nuestra ciudad, recientemente obtuvo el certamen europeo de esta disciplina deportiva<\/p>\n<p style=\"font-weight: 400;\">En el contacto mantenido con la emisora local de AM coment\u00f3 su pasi\u00f3n por el Jiu Jitsu combinada con la profesi\u00f3n que lo impuls\u00f3 a proyectar sus sue\u00f1os en Europa, la medicina.<\/p>\n<p style=\"font-weight: 400;\">En el itinerario europeo que estableci\u00f3 para su vida en busca de perfeccionar la profesi\u00f3n como m\u00e9dico, Ramiro no descuid\u00f3 el desarrollo de las t\u00e9cnicas deportivas, y anhela conseguir la ciudadan\u00eda europea para radicarse en el viejo continente y mejorar ambas pasiones.<\/p>\n<p style=\"font-weight: 400;\">EXCELENTE A\u00d1O<\/p>\n<p style=\"font-weight: 400;\">\u201cEstoy muy contento, me pone feliz por todo lo conseguido este a\u00f1o, gracias a Dios me ha ido muy bien\u201d, manifest\u00f3 el joven.<\/p>\n<p style=\"font-weight: 400;\">ORIGEN DE SU PASI\u00d3N POR ESTE ARTE MARCIAL JAPON\u00c9S<\/p>\n<p style=\"font-weight: 400;\">En la entrevista, el joven m\u00e9dico afirm\u00f3: \u201cCon el tiempo se han dado diferentes modalidades con el uso de bata kimono, o el uso del short y remera de competici\u00f3n, que es la que uso yo. En 2015, cuando inici\u00e9 la b\u00fasqueda de la carrera universitaria, veterinaria, me encontr\u00e9 con un gimnasio en Corrientes. Despu\u00e9s dej\u00e9 los entrenamientos; y en 2018, al viajar a Buenos Aires porque cambi\u00e9 de carrera (medicina), retom\u00e9 los entrenamientos y pr\u00e1cticas, y contin\u00fae para perfeccionar la t\u00e9cnica y participar en encuentros, cert\u00e1menes en CABA\u201d.<\/p>\n<p style=\"font-weight: 400;\">CINTUR\u00d3N MARR\u00d3N<\/p>\n<p style=\"font-weight: 400;\">\u201cUno inicia con el cintur\u00f3n blanco -explic\u00f3 en la entrevista-, despu\u00e9s de dos o tres a\u00f1os llega al cintur\u00f3n azul, para pasar al violeta, que es el de mayor tiempo que uno tiene para lograr el marr\u00f3n, y finalmente llegas al cintur\u00f3n negro. Son aproximadamente unos 8 a 10 a\u00f1os de recorrido para esa meta, para el negro en mi caso, pues hasta el d\u00eda de hoy soy cintur\u00f3n marr\u00f3n\u201d.<\/p>\n<p style=\"font-weight: 400;\">\u00a0CAMPE\u00d3N EUROPEO: EUROCOPA EN ESPA\u00d1A<\/p>\n<p style=\"font-weight: 400;\">Ramiro Gamboa, sobre su carrera deportiva, sostuvo: \u201cEn mi caso los t\u00edtulos conseguidos han sido como cintur\u00f3n marr\u00f3n. Aspiramos para los pr\u00f3ximos a\u00f1os llegar a ser lo m\u00e1ximo en esta categor\u00eda\u201d.<\/p>\n<p style=\"font-weight: 400;\">\u201cTodas estas participaciones corren por mi cuenta, los gastos de ser parte de los torneos. Como m\u00e9dico me traslad\u00e9 a Europa para trabajar, mejorar mis conocimientos, ejercer mi profesi\u00f3n, inici\u00e9 el recorrido en Italia, donde conoc\u00ed un entrenador al que considero como un \u201cpap\u00e1\u201d, empec\u00e9 a competir logrando el campeonato nacional en Italia, luego en Firenze, en Malta. Al vencerse mi visa me volv\u00ed a Argentina, por una disposici\u00f3n legal no me permit\u00eda el tr\u00e1mite de la ciudadan\u00eda. Al retornar a Europa volv\u00ed a competir; en Londres sal\u00ed segundo, en Espa\u00f1a logr\u00e9 la Eurocopa de este deporte. El deseo es regresar el a\u00f1o pr\u00f3ximo a Europa\u201d.<\/p>\n<p style=\"font-weight: 400;\">RESIDENCIA M\u00c9DICA EN EUROPA<\/p>\n<p style=\"font-weight: 400;\">El joven dej\u00f3 claramente expresadas sus ganas de volver al viejo continente: \u201cTengo 28 a\u00f1os, me quiero especializar en cirug\u00eda, pero haciendo la residencia en Europa. Me estoy preparando para ello, tengo a\u00fan un largo recorrido, ahora viene la necesidad de obtener la ciudadan\u00eda. Para cumplir con estos objetivos, la idea es volver a hacer ese tr\u00e1mite\u201d.<\/p>\n<p style=\"font-weight: 400;\">APOYO FAMILIAR<\/p>\n<p style=\"font-weight: 400;\">Al final de la entrevista, Ramiro Gamboa describi\u00f3 a su familia y el apoyo brindado por ellos: \u201cEn Goya tengo a mis padres, a mis abuelos maternos, en Buenos Aires, a mi hermana y mi pareja junto a su familia, estoy casado, y agradezco el acompa\u00f1amiento de mis seres queridos en estos sue\u00f1os deportivos y de mi profesi\u00f3n como m\u00e9dico\u201d.<\/p>\n<p>&nbsp;<\/p>\n","protected":false},"excerpt":{"rendered":"<p>Ramiro Gamboa, un joven oriundo de nuestra ciudad, recientemente obtuvo el certamen europeo de esta disciplina deportiva En el contacto mantenido con la emisora local de AM coment\u00f3 su pasi\u00f3n por el Jiu Jitsu combinada con la profesi\u00f3n que lo impuls\u00f3 a proyectar sus sue\u00f1os en Europa, la medicina. En el itinerario europeo que estableci\u00f3 [&hellip;]<\/p>\n","protected":false},"author":2,"featured_media":4562,"comment_status":"open","ping_status":"open","sticky":false,"template":"","format":"standard","meta":{"footnotes":""},"categories":[76],"tags":[],"class_list":{"0":"post-4561","1":"post","2":"type-post","3":"status-publish","4":"format-standard","5":"has-post-thumbnail","7":"category-deportes"},"_links":{"self":[{"href":"https:\/\/elpueblonoticia.com.ar\/web\/wp-json\/wp\/v2\/posts\/4561","targetHints":{"allow":["GET"]}}],"collection":[{"href":"https:\/\/elpueblonoticia.com.ar\/web\/wp-json\/wp\/v2\/posts"}],"about":[{"href":"https:\/\/elpueblonoticia.com.ar\/web\/wp-json\/wp\/v2\/types\/post"}],"author":[{"embeddable":true,"href":"https:\/\/elpueblonoticia.com.ar\/web\/wp-json\/wp\/v2\/users\/2"}],"replies":[{"embeddable":true,"href":"https:\/\/elpueblonoticia.com.ar\/web\/wp-json\/wp\/v2\/comments?post=4561"}],"version-history":[{"count":1,"href":"https:\/\/elpueblonoticia.com.ar\/web\/wp-json\/wp\/v2\/posts\/4561\/revisions"}],"predecessor-version":[{"id":4565,"href":"https:\/\/elpueblonoticia.com.ar\/web\/wp-json\/wp\/v2\/posts\/4561\/revisions\/4565"}],"wp:featuredmedia":[{"embeddable":true,"href":"https:\/\/elpueblonoticia.com.ar\/web\/wp-json\/wp\/v2\/media\/4562"}],"wp:attachment":[{"href":"https:\/\/elpueblonoticia.com.ar\/web\/wp-json\/wp\/v2\/media?parent=4561"}],"wp:term":[{"taxonomy":"category","embeddable":true,"href":"https:\/\/elpueblonoticia.com.ar\/web\/wp-json\/wp\/v2\/categories?post=4561"},{"taxonomy":"post_tag","embeddable":true,"href":"https:\/\/elpueblonoticia.com.ar\/web\/wp-json\/wp\/v2\/tags?post=4561"}],"curies":[{"name":"wp","href":"https:\/\/api.w.org\/{rel}","templated":true}]}}