{"id":4551,"date":"2025-12-01T21:32:55","date_gmt":"2025-12-02T00:32:55","guid":{"rendered":"https:\/\/elpueblonoticia.com.ar\/web\/?p=4551"},"modified":"2025-12-01T21:32:55","modified_gmt":"2025-12-02T00:32:55","slug":"dia-internacional-de-la-lucha-contra-el-vih-sida","status":"publish","type":"post","link":"https:\/\/elpueblonoticia.com.ar\/web\/2025\/12\/01\/dia-internacional-de-la-lucha-contra-el-vih-sida\/","title":{"rendered":"D\u00cdA INTERNACIONAL DE LA LUCHA CONTRA EL VIH SIDA"},"content":{"rendered":"<p style=\"font-weight: 400;\"><em><img loading=\"lazy\" decoding=\"async\" class=\"alignnone size-medium wp-image-4553\" src=\"https:\/\/elpueblonoticia.com.ar\/web\/wp-content\/uploads\/2025\/12\/Jornada-concientizacion-VIH-SIDA-2-225x300.jpeg\" alt=\"\" width=\"225\" height=\"300\" srcset=\"https:\/\/elpueblonoticia.com.ar\/web\/wp-content\/uploads\/2025\/12\/Jornada-concientizacion-VIH-SIDA-2-225x300.jpeg 225w, https:\/\/elpueblonoticia.com.ar\/web\/wp-content\/uploads\/2025\/12\/Jornada-concientizacion-VIH-SIDA-2-768x1024.jpeg 768w, https:\/\/elpueblonoticia.com.ar\/web\/wp-content\/uploads\/2025\/12\/Jornada-concientizacion-VIH-SIDA-2-315x420.jpeg 315w, https:\/\/elpueblonoticia.com.ar\/web\/wp-content\/uploads\/2025\/12\/Jornada-concientizacion-VIH-SIDA-2-696x928.jpeg 696w, https:\/\/elpueblonoticia.com.ar\/web\/wp-content\/uploads\/2025\/12\/Jornada-concientizacion-VIH-SIDA-2.jpeg 867w\" sizes=\"auto, (max-width: 225px) 100vw, 225px\" \/> <img loading=\"lazy\" decoding=\"async\" class=\"alignnone size-medium wp-image-4554\" src=\"https:\/\/elpueblonoticia.com.ar\/web\/wp-content\/uploads\/2025\/12\/Jornada-concientizacion-VIH-SIDA-1-300x225.jpeg\" alt=\"\" width=\"300\" height=\"225\" srcset=\"https:\/\/elpueblonoticia.com.ar\/web\/wp-content\/uploads\/2025\/12\/Jornada-concientizacion-VIH-SIDA-1-300x225.jpeg 300w, https:\/\/elpueblonoticia.com.ar\/web\/wp-content\/uploads\/2025\/12\/Jornada-concientizacion-VIH-SIDA-1-1024x768.jpeg 1024w, https:\/\/elpueblonoticia.com.ar\/web\/wp-content\/uploads\/2025\/12\/Jornada-concientizacion-VIH-SIDA-1-768x576.jpeg 768w, https:\/\/elpueblonoticia.com.ar\/web\/wp-content\/uploads\/2025\/12\/Jornada-concientizacion-VIH-SIDA-1-1536x1152.jpeg 1536w, https:\/\/elpueblonoticia.com.ar\/web\/wp-content\/uploads\/2025\/12\/Jornada-concientizacion-VIH-SIDA-1-560x420.jpeg 560w, https:\/\/elpueblonoticia.com.ar\/web\/wp-content\/uploads\/2025\/12\/Jornada-concientizacion-VIH-SIDA-1-80x60.jpeg 80w, https:\/\/elpueblonoticia.com.ar\/web\/wp-content\/uploads\/2025\/12\/Jornada-concientizacion-VIH-SIDA-1-696x522.jpeg 696w, https:\/\/elpueblonoticia.com.ar\/web\/wp-content\/uploads\/2025\/12\/Jornada-concientizacion-VIH-SIDA-1-1068x801.jpeg 1068w, https:\/\/elpueblonoticia.com.ar\/web\/wp-content\/uploads\/2025\/12\/Jornada-concientizacion-VIH-SIDA-1-265x198.jpeg 265w, https:\/\/elpueblonoticia.com.ar\/web\/wp-content\/uploads\/2025\/12\/Jornada-concientizacion-VIH-SIDA-1.jpeg 1600w\" sizes=\"auto, (max-width: 300px) 100vw, 300px\" \/><br \/>\nJornada de concientizaci\u00f3n y prevenci\u00f3n sobre el uso del preservativo.<\/em><\/p>\n<p style=\"font-weight: 400;\">La Municipalidad de Goya y el Hospital Regional Goya llevaron adelante esta jornada en plaza Mitre.<\/p>\n<p style=\"font-weight: 400;\">Durante la ma\u00f1ana del lunes la Direcci\u00f3n de la Mujer, el Servicio de Infectolog\u00eda del Hospital Regional Goya y la Fundaci\u00f3n Corrientes Diversa, desarrollaron esta actividad donde acompa\u00f1aron a los ciudadanos a la realizaci\u00f3n de testeos gratuitos, difusi\u00f3n para la concientizaci\u00f3n sobre las ITS (infecciones de transmisi\u00f3n sexual).<\/p>\n<p style=\"font-weight: 400;\">La jornada sirvi\u00f3 para informar, acercar folleter\u00eda sobre estos temas y ayudar a sensibilizar sobre esta fecha.<\/p>\n<p style=\"font-weight: 400;\">Acompa\u00f1aron la actividad la directora de la Mujer de la Municipalidad de Goya Dra. Agostina Montenegro y la directora del Servicio de Infectolog\u00eda del hospital Dra. Mirta Colonese, junto a enfermeras del mencionado servicio del nosocomio local.<\/p>\n","protected":false},"excerpt":{"rendered":"<p>Jornada de concientizaci\u00f3n y prevenci\u00f3n sobre el uso del preservativo. La Municipalidad de Goya y el Hospital Regional Goya llevaron adelante esta jornada en plaza Mitre. Durante la ma\u00f1ana del lunes la Direcci\u00f3n de la Mujer, el Servicio de Infectolog\u00eda del Hospital Regional Goya y la Fundaci\u00f3n Corrientes Diversa, desarrollaron esta actividad donde acompa\u00f1aron a [&hellip;]<\/p>\n","protected":false},"author":2,"featured_media":4552,"comment_status":"open","ping_status":"open","sticky":false,"template":"","format":"standard","meta":{"footnotes":""},"categories":[56],"tags":[],"class_list":{"0":"post-4551","1":"post","2":"type-post","3":"status-publish","4":"format-standard","5":"has-post-thumbnail","7":"category-locales"},"_links":{"self":[{"href":"https:\/\/elpueblonoticia.com.ar\/web\/wp-json\/wp\/v2\/posts\/4551","targetHints":{"allow":["GET"]}}],"collection":[{"href":"https:\/\/elpueblonoticia.com.ar\/web\/wp-json\/wp\/v2\/posts"}],"about":[{"href":"https:\/\/elpueblonoticia.com.ar\/web\/wp-json\/wp\/v2\/types\/post"}],"author":[{"embeddable":true,"href":"https:\/\/elpueblonoticia.com.ar\/web\/wp-json\/wp\/v2\/users\/2"}],"replies":[{"embeddable":true,"href":"https:\/\/elpueblonoticia.com.ar\/web\/wp-json\/wp\/v2\/comments?post=4551"}],"version-history":[{"count":1,"href":"https:\/\/elpueblonoticia.com.ar\/web\/wp-json\/wp\/v2\/posts\/4551\/revisions"}],"predecessor-version":[{"id":4555,"href":"https:\/\/elpueblonoticia.com.ar\/web\/wp-json\/wp\/v2\/posts\/4551\/revisions\/4555"}],"wp:featuredmedia":[{"embeddable":true,"href":"https:\/\/elpueblonoticia.com.ar\/web\/wp-json\/wp\/v2\/media\/4552"}],"wp:attachment":[{"href":"https:\/\/elpueblonoticia.com.ar\/web\/wp-json\/wp\/v2\/media?parent=4551"}],"wp:term":[{"taxonomy":"category","embeddable":true,"href":"https:\/\/elpueblonoticia.com.ar\/web\/wp-json\/wp\/v2\/categories?post=4551"},{"taxonomy":"post_tag","embeddable":true,"href":"https:\/\/elpueblonoticia.com.ar\/web\/wp-json\/wp\/v2\/tags?post=4551"}],"curies":[{"name":"wp","href":"https:\/\/api.w.org\/{rel}","templated":true}]}}