{"id":4540,"date":"2025-12-01T21:22:35","date_gmt":"2025-12-02T00:22:35","guid":{"rendered":"https:\/\/elpueblonoticia.com.ar\/web\/?p=4540"},"modified":"2025-12-01T21:22:35","modified_gmt":"2025-12-02T00:22:35","slug":"municipalidad-hara-entrega-de-certificados-a-curso-introduccion-a-la-peluqueria-brindado-en-conin-goya","status":"publish","type":"post","link":"https:\/\/elpueblonoticia.com.ar\/web\/2025\/12\/01\/municipalidad-hara-entrega-de-certificados-a-curso-introduccion-a-la-peluqueria-brindado-en-conin-goya\/","title":{"rendered":"MUNICIPALIDAD HAR\u00c1 ENTREGA DE CERTIFICADOS A CURSO \u201cINTRODUCCI\u00d3N A LA PELUQUER\u00cdA\u201d BRINDADO EN CONIN GOYA"},"content":{"rendered":"<p style=\"font-weight: 400;\"><img loading=\"lazy\" decoding=\"async\" class=\"alignnone size-medium wp-image-4542\" src=\"https:\/\/elpueblonoticia.com.ar\/web\/wp-content\/uploads\/2025\/12\/gladis-ramos-2-300x237.jpeg\" alt=\"\" width=\"300\" height=\"237\" srcset=\"https:\/\/elpueblonoticia.com.ar\/web\/wp-content\/uploads\/2025\/12\/gladis-ramos-2-300x237.jpeg 300w, https:\/\/elpueblonoticia.com.ar\/web\/wp-content\/uploads\/2025\/12\/gladis-ramos-2-1024x808.jpeg 1024w, https:\/\/elpueblonoticia.com.ar\/web\/wp-content\/uploads\/2025\/12\/gladis-ramos-2-768x606.jpeg 768w, https:\/\/elpueblonoticia.com.ar\/web\/wp-content\/uploads\/2025\/12\/gladis-ramos-2-532x420.jpeg 532w, https:\/\/elpueblonoticia.com.ar\/web\/wp-content\/uploads\/2025\/12\/gladis-ramos-2-696x549.jpeg 696w, https:\/\/elpueblonoticia.com.ar\/web\/wp-content\/uploads\/2025\/12\/gladis-ramos-2-1068x843.jpeg 1068w, https:\/\/elpueblonoticia.com.ar\/web\/wp-content\/uploads\/2025\/12\/gladis-ramos-2.jpeg 1341w\" sizes=\"auto, (max-width: 300px) 100vw, 300px\" \/><br \/>\nEl acto de entrega de certificados de los cursos, se har\u00e1 este martes 02 de diciembre a las 8:30 horas, en CONIN, Tucum\u00e1n 557.<\/p>\n<p style=\"font-weight: 400;\">Este lunes, la directora de la Escuela Taller \u201cNuestra Se\u00f1ora de Itat\u00ed\u201d profesora Gladis Ramos en contacto con la 88.3 RADIO CIUDAD invit\u00f3 al acto acad\u00e9mico.<\/p>\n<p style=\"font-weight: 400;\">La jornada de entrega de Certificaciones Pr\u00e1ctica Profesionalizantes del Curso de Capacitaci\u00f3n Introducci\u00f3n a la Peluquer\u00eda tendr\u00e1 lugar este martes en CONIN. Ramos agradeci\u00f3 la predisposici\u00f3n de la asociaci\u00f3n por facilitar el lugar en vista de que, en ocasiones anteriores, docentes de esta escuela de oficios brindaron apoyatura para clases de Peluquer\u00eda Inicial Familiar \u201centonces ma\u00f1ana (martes) se hace entrega de certificaciones a las mam\u00e1s que asistieron a este curso a las 8:30 de la ma\u00f1ana\u201d, explic\u00f3.<\/p>\n<p style=\"font-weight: 400;\">\u201cLas mam\u00e1s que asisten al curso est\u00e1n muy contentas. En realidad, ellas ten\u00edan una base porque antes CONIN ten\u00edan estas pr\u00e1cticas\u201d.<\/p>\n<p style=\"font-weight: 400;\">ACTO DE COLACION DE LAS ESCUELAS MUNICIPALES Y EL ITG<\/p>\n<p style=\"font-weight: 400;\">Por otra parte, la docente aprovech\u00f3 el contacto radial para invitar a la comunidad este martes 2 de diciembre, a las 19:30 horas, en el Multiespacio Ferial de Costa Surub\u00ed, lugar donde se realizar\u00e1 el acto de colaci\u00f3n de las tresEscuelas Municipales y el ITG.<\/p>\n<p style=\"font-weight: 400;\">Se invita a la comunidad a participar y acompa\u00f1ar a los egresados de los diferentes perfiles de las Escuelas Antonio R Villarreal y Nuestra Se\u00f1ora de Itat\u00ed y del Instituto Tecnol\u00f3gico Goya.<\/p>\n<p style=\"font-weight: 400;\">\u201cRealizaremos el acto oficial, estamos todos organizados y encaminado para ma\u00f1ana para ambos actos acad\u00e9micos\u201d, cerr\u00f3<\/p>\n<p>&nbsp;<\/p>\n","protected":false},"excerpt":{"rendered":"<p>El acto de entrega de certificados de los cursos, se har\u00e1 este martes 02 de diciembre a las 8:30 horas, en CONIN, Tucum\u00e1n 557. Este lunes, la directora de la Escuela Taller \u201cNuestra Se\u00f1ora de Itat\u00ed\u201d profesora Gladis Ramos en contacto con la 88.3 RADIO CIUDAD invit\u00f3 al acto acad\u00e9mico. La jornada de entrega de [&hellip;]<\/p>\n","protected":false},"author":2,"featured_media":4541,"comment_status":"open","ping_status":"open","sticky":false,"template":"","format":"standard","meta":{"footnotes":""},"categories":[56],"tags":[],"class_list":{"0":"post-4540","1":"post","2":"type-post","3":"status-publish","4":"format-standard","5":"has-post-thumbnail","7":"category-locales"},"_links":{"self":[{"href":"https:\/\/elpueblonoticia.com.ar\/web\/wp-json\/wp\/v2\/posts\/4540","targetHints":{"allow":["GET"]}}],"collection":[{"href":"https:\/\/elpueblonoticia.com.ar\/web\/wp-json\/wp\/v2\/posts"}],"about":[{"href":"https:\/\/elpueblonoticia.com.ar\/web\/wp-json\/wp\/v2\/types\/post"}],"author":[{"embeddable":true,"href":"https:\/\/elpueblonoticia.com.ar\/web\/wp-json\/wp\/v2\/users\/2"}],"replies":[{"embeddable":true,"href":"https:\/\/elpueblonoticia.com.ar\/web\/wp-json\/wp\/v2\/comments?post=4540"}],"version-history":[{"count":1,"href":"https:\/\/elpueblonoticia.com.ar\/web\/wp-json\/wp\/v2\/posts\/4540\/revisions"}],"predecessor-version":[{"id":4543,"href":"https:\/\/elpueblonoticia.com.ar\/web\/wp-json\/wp\/v2\/posts\/4540\/revisions\/4543"}],"wp:featuredmedia":[{"embeddable":true,"href":"https:\/\/elpueblonoticia.com.ar\/web\/wp-json\/wp\/v2\/media\/4541"}],"wp:attachment":[{"href":"https:\/\/elpueblonoticia.com.ar\/web\/wp-json\/wp\/v2\/media?parent=4540"}],"wp:term":[{"taxonomy":"category","embeddable":true,"href":"https:\/\/elpueblonoticia.com.ar\/web\/wp-json\/wp\/v2\/categories?post=4540"},{"taxonomy":"post_tag","embeddable":true,"href":"https:\/\/elpueblonoticia.com.ar\/web\/wp-json\/wp\/v2\/tags?post=4540"}],"curies":[{"name":"wp","href":"https:\/\/api.w.org\/{rel}","templated":true}]}}