{"id":4522,"date":"2025-12-01T21:05:24","date_gmt":"2025-12-02T00:05:24","guid":{"rendered":"https:\/\/elpueblonoticia.com.ar\/web\/?p=4522"},"modified":"2025-12-01T21:05:24","modified_gmt":"2025-12-02T00:05:24","slug":"el-club-social-deportivo-municipal-celebro-su-45o-aniversario-con-una-emotiva-despedida-de-ano","status":"publish","type":"post","link":"https:\/\/elpueblonoticia.com.ar\/web\/2025\/12\/01\/el-club-social-deportivo-municipal-celebro-su-45o-aniversario-con-una-emotiva-despedida-de-ano\/","title":{"rendered":"EL CLUB SOCIAL DEPORTIVO MUNICIPAL CELEBR\u00d3 SU 45\u00ba ANIVERSARIO CON UNA EMOTIVA DESPEDIDA DE A\u00d1O"},"content":{"rendered":"<p><img loading=\"lazy\" decoding=\"async\" class=\"alignnone size-medium wp-image-4524\" src=\"https:\/\/elpueblonoticia.com.ar\/web\/wp-content\/uploads\/2025\/12\/aniversario-5-225x300.jpeg\" alt=\"\" width=\"225\" height=\"300\" srcset=\"https:\/\/elpueblonoticia.com.ar\/web\/wp-content\/uploads\/2025\/12\/aniversario-5-225x300.jpeg 225w, https:\/\/elpueblonoticia.com.ar\/web\/wp-content\/uploads\/2025\/12\/aniversario-5-768x1024.jpeg 768w, https:\/\/elpueblonoticia.com.ar\/web\/wp-content\/uploads\/2025\/12\/aniversario-5-1152x1536.jpeg 1152w, https:\/\/elpueblonoticia.com.ar\/web\/wp-content\/uploads\/2025\/12\/aniversario-5-315x420.jpeg 315w, https:\/\/elpueblonoticia.com.ar\/web\/wp-content\/uploads\/2025\/12\/aniversario-5-696x928.jpeg 696w, https:\/\/elpueblonoticia.com.ar\/web\/wp-content\/uploads\/2025\/12\/aniversario-5-1068x1424.jpeg 1068w, https:\/\/elpueblonoticia.com.ar\/web\/wp-content\/uploads\/2025\/12\/aniversario-5.jpeg 1200w\" sizes=\"auto, (max-width: 225px) 100vw, 225px\" \/> <img loading=\"lazy\" decoding=\"async\" class=\"alignnone size-medium wp-image-4525\" src=\"https:\/\/elpueblonoticia.com.ar\/web\/wp-content\/uploads\/2025\/12\/aniversario-6-225x300.jpeg\" alt=\"\" width=\"225\" height=\"300\" srcset=\"https:\/\/elpueblonoticia.com.ar\/web\/wp-content\/uploads\/2025\/12\/aniversario-6-225x300.jpeg 225w, https:\/\/elpueblonoticia.com.ar\/web\/wp-content\/uploads\/2025\/12\/aniversario-6-768x1024.jpeg 768w, https:\/\/elpueblonoticia.com.ar\/web\/wp-content\/uploads\/2025\/12\/aniversario-6-1152x1536.jpeg 1152w, https:\/\/elpueblonoticia.com.ar\/web\/wp-content\/uploads\/2025\/12\/aniversario-6-315x420.jpeg 315w, https:\/\/elpueblonoticia.com.ar\/web\/wp-content\/uploads\/2025\/12\/aniversario-6-696x928.jpeg 696w, https:\/\/elpueblonoticia.com.ar\/web\/wp-content\/uploads\/2025\/12\/aniversario-6-1068x1424.jpeg 1068w, https:\/\/elpueblonoticia.com.ar\/web\/wp-content\/uploads\/2025\/12\/aniversario-6.jpeg 1200w\" sizes=\"auto, (max-width: 225px) 100vw, 225px\" \/> <img loading=\"lazy\" decoding=\"async\" class=\"alignnone size-medium wp-image-4526\" src=\"https:\/\/elpueblonoticia.com.ar\/web\/wp-content\/uploads\/2025\/12\/aniversario-8-225x300.jpeg\" alt=\"\" width=\"225\" height=\"300\" srcset=\"https:\/\/elpueblonoticia.com.ar\/web\/wp-content\/uploads\/2025\/12\/aniversario-8-225x300.jpeg 225w, https:\/\/elpueblonoticia.com.ar\/web\/wp-content\/uploads\/2025\/12\/aniversario-8-768x1024.jpeg 768w, https:\/\/elpueblonoticia.com.ar\/web\/wp-content\/uploads\/2025\/12\/aniversario-8-1152x1536.jpeg 1152w, https:\/\/elpueblonoticia.com.ar\/web\/wp-content\/uploads\/2025\/12\/aniversario-8-315x420.jpeg 315w, https:\/\/elpueblonoticia.com.ar\/web\/wp-content\/uploads\/2025\/12\/aniversario-8-696x928.jpeg 696w, https:\/\/elpueblonoticia.com.ar\/web\/wp-content\/uploads\/2025\/12\/aniversario-8-1068x1424.jpeg 1068w, https:\/\/elpueblonoticia.com.ar\/web\/wp-content\/uploads\/2025\/12\/aniversario-8.jpeg 1200w\" sizes=\"auto, (max-width: 225px) 100vw, 225px\" \/> <img loading=\"lazy\" decoding=\"async\" class=\"alignnone size-medium wp-image-4527\" src=\"https:\/\/elpueblonoticia.com.ar\/web\/wp-content\/uploads\/2025\/12\/aniversario-7-225x300.jpeg\" alt=\"\" width=\"225\" height=\"300\" srcset=\"https:\/\/elpueblonoticia.com.ar\/web\/wp-content\/uploads\/2025\/12\/aniversario-7-225x300.jpeg 225w, https:\/\/elpueblonoticia.com.ar\/web\/wp-content\/uploads\/2025\/12\/aniversario-7-768x1024.jpeg 768w, https:\/\/elpueblonoticia.com.ar\/web\/wp-content\/uploads\/2025\/12\/aniversario-7-1152x1536.jpeg 1152w, https:\/\/elpueblonoticia.com.ar\/web\/wp-content\/uploads\/2025\/12\/aniversario-7-315x420.jpeg 315w, https:\/\/elpueblonoticia.com.ar\/web\/wp-content\/uploads\/2025\/12\/aniversario-7-696x928.jpeg 696w, https:\/\/elpueblonoticia.com.ar\/web\/wp-content\/uploads\/2025\/12\/aniversario-7-1068x1424.jpeg 1068w, https:\/\/elpueblonoticia.com.ar\/web\/wp-content\/uploads\/2025\/12\/aniversario-7.jpeg 1200w\" sizes=\"auto, (max-width: 225px) 100vw, 225px\" \/> <img loading=\"lazy\" decoding=\"async\" class=\"alignnone size-medium wp-image-4528\" src=\"https:\/\/elpueblonoticia.com.ar\/web\/wp-content\/uploads\/2025\/12\/aniversario-3-225x300.jpeg\" alt=\"\" width=\"225\" height=\"300\" srcset=\"https:\/\/elpueblonoticia.com.ar\/web\/wp-content\/uploads\/2025\/12\/aniversario-3-225x300.jpeg 225w, https:\/\/elpueblonoticia.com.ar\/web\/wp-content\/uploads\/2025\/12\/aniversario-3-768x1024.jpeg 768w, https:\/\/elpueblonoticia.com.ar\/web\/wp-content\/uploads\/2025\/12\/aniversario-3-1152x1536.jpeg 1152w, https:\/\/elpueblonoticia.com.ar\/web\/wp-content\/uploads\/2025\/12\/aniversario-3-315x420.jpeg 315w, https:\/\/elpueblonoticia.com.ar\/web\/wp-content\/uploads\/2025\/12\/aniversario-3-696x928.jpeg 696w, https:\/\/elpueblonoticia.com.ar\/web\/wp-content\/uploads\/2025\/12\/aniversario-3-1068x1424.jpeg 1068w, https:\/\/elpueblonoticia.com.ar\/web\/wp-content\/uploads\/2025\/12\/aniversario-3.jpeg 1200w\" sizes=\"auto, (max-width: 225px) 100vw, 225px\" \/> <img loading=\"lazy\" decoding=\"async\" class=\"alignnone size-medium wp-image-4529\" src=\"https:\/\/elpueblonoticia.com.ar\/web\/wp-content\/uploads\/2025\/12\/aniversario-4-225x300.jpeg\" alt=\"\" width=\"225\" height=\"300\" srcset=\"https:\/\/elpueblonoticia.com.ar\/web\/wp-content\/uploads\/2025\/12\/aniversario-4-225x300.jpeg 225w, https:\/\/elpueblonoticia.com.ar\/web\/wp-content\/uploads\/2025\/12\/aniversario-4-768x1024.jpeg 768w, https:\/\/elpueblonoticia.com.ar\/web\/wp-content\/uploads\/2025\/12\/aniversario-4-1152x1536.jpeg 1152w, https:\/\/elpueblonoticia.com.ar\/web\/wp-content\/uploads\/2025\/12\/aniversario-4-315x420.jpeg 315w, https:\/\/elpueblonoticia.com.ar\/web\/wp-content\/uploads\/2025\/12\/aniversario-4-696x928.jpeg 696w, https:\/\/elpueblonoticia.com.ar\/web\/wp-content\/uploads\/2025\/12\/aniversario-4-1068x1424.jpeg 1068w, https:\/\/elpueblonoticia.com.ar\/web\/wp-content\/uploads\/2025\/12\/aniversario-4.jpeg 1200w\" sizes=\"auto, (max-width: 225px) 100vw, 225px\" \/><\/p>\n<p style=\"font-weight: 400;\">El pasado s\u00e1bado, el Club Social Deportivo Municipal vivi\u00f3 una noche cargada de emoci\u00f3n, recuerdos y celebraci\u00f3n al conmemorar su 45\u00ba aniversario y realizar su tradicional fiesta de despedida de a\u00f1o. El evento reuni\u00f3 a socios, familias, ex jugadores, dirigentes y vecinos que formaron parte de la historia y del crecimiento de esta instituci\u00f3n fundada el 18 de julio de 1980.<\/p>\n<p style=\"font-weight: 400;\">La velada incluy\u00f3 sorteos, reconocimientos y homenajes destinados a ex jugadores, ex dirigentes y diversas personalidades que, a lo largo de los a\u00f1os, han brindado su apoyo, trabajo y compromiso para el fortalecimiento del Deportivo Municipal. Cada aplauso, abrazo y palabra compartida reflej\u00f3 el valor de quienes hicieron \u2014y siguen haciendo\u2014 posible el presente del club.<\/p>\n<p style=\"font-weight: 400;\">\n<p style=\"font-weight: 400;\">\u201cFue una noche de aniversario, de cierre de a\u00f1o y de abrazos que dicen seguimos juntos\u201d, expresaron desde la organizaci\u00f3n, resaltando el esp\u00edritu de unidad y pertenencia que caracteriza a la instituci\u00f3n. La fiesta tambi\u00e9n agradeci\u00f3 a todas las personas que participaron, bailaron, brindaron y contin\u00faan aportando para que el club \u201ccrezca un poquito m\u00e1s cada d\u00eda\u201d.<\/p>\n<p style=\"font-weight: 400;\">\n<p style=\"font-weight: 400;\">El encuentro dej\u00f3 una imagen clara: la comunidad es el motor que impulsa los sue\u00f1os y proyectos del Deportivo Municipal. \u201cQue vengan m\u00e1s momentos as\u00ed, llenos de alegr\u00eda y ganas de seguir so\u00f1ando y creciendo juntos\u201d, se\u00f1alaron sus organizadores en un mensaje final que abri\u00f3 la puerta a un 2025 cargado de desaf\u00edos y entusiasmo.<\/p>\n<p style=\"font-weight: 400;\">\n<p style=\"font-weight: 400;\">\u201cNos vemos en lo que se viene\u201d, cerraron, reafirmando que el Club Social Deportivo Municipal sigue firme, unido y lleno de futuro.<\/p>\n<p style=\"font-weight: 400;\">\n","protected":false},"excerpt":{"rendered":"<p>El pasado s\u00e1bado, el Club Social Deportivo Municipal vivi\u00f3 una noche cargada de emoci\u00f3n, recuerdos y celebraci\u00f3n al conmemorar su 45\u00ba aniversario y realizar su tradicional fiesta de despedida de a\u00f1o. El evento reuni\u00f3 a socios, familias, ex jugadores, dirigentes y vecinos que formaron parte de la historia y del crecimiento de esta instituci\u00f3n fundada [&hellip;]<\/p>\n","protected":false},"author":2,"featured_media":4523,"comment_status":"open","ping_status":"open","sticky":false,"template":"","format":"standard","meta":{"footnotes":""},"categories":[56],"tags":[],"class_list":{"0":"post-4522","1":"post","2":"type-post","3":"status-publish","4":"format-standard","5":"has-post-thumbnail","7":"category-locales"},"_links":{"self":[{"href":"https:\/\/elpueblonoticia.com.ar\/web\/wp-json\/wp\/v2\/posts\/4522","targetHints":{"allow":["GET"]}}],"collection":[{"href":"https:\/\/elpueblonoticia.com.ar\/web\/wp-json\/wp\/v2\/posts"}],"about":[{"href":"https:\/\/elpueblonoticia.com.ar\/web\/wp-json\/wp\/v2\/types\/post"}],"author":[{"embeddable":true,"href":"https:\/\/elpueblonoticia.com.ar\/web\/wp-json\/wp\/v2\/users\/2"}],"replies":[{"embeddable":true,"href":"https:\/\/elpueblonoticia.com.ar\/web\/wp-json\/wp\/v2\/comments?post=4522"}],"version-history":[{"count":1,"href":"https:\/\/elpueblonoticia.com.ar\/web\/wp-json\/wp\/v2\/posts\/4522\/revisions"}],"predecessor-version":[{"id":4530,"href":"https:\/\/elpueblonoticia.com.ar\/web\/wp-json\/wp\/v2\/posts\/4522\/revisions\/4530"}],"wp:featuredmedia":[{"embeddable":true,"href":"https:\/\/elpueblonoticia.com.ar\/web\/wp-json\/wp\/v2\/media\/4523"}],"wp:attachment":[{"href":"https:\/\/elpueblonoticia.com.ar\/web\/wp-json\/wp\/v2\/media?parent=4522"}],"wp:term":[{"taxonomy":"category","embeddable":true,"href":"https:\/\/elpueblonoticia.com.ar\/web\/wp-json\/wp\/v2\/categories?post=4522"},{"taxonomy":"post_tag","embeddable":true,"href":"https:\/\/elpueblonoticia.com.ar\/web\/wp-json\/wp\/v2\/tags?post=4522"}],"curies":[{"name":"wp","href":"https:\/\/api.w.org\/{rel}","templated":true}]}}