{"id":4501,"date":"2025-12-01T11:57:09","date_gmt":"2025-12-01T14:57:09","guid":{"rendered":"https:\/\/elpueblonoticia.com.ar\/web\/?p=4501"},"modified":"2025-12-01T11:57:09","modified_gmt":"2025-12-01T14:57:09","slug":"libarona-presento-en-corrientes-los-lineamientos-del-nuevo-codigo-procesal-penal-federal","status":"publish","type":"post","link":"https:\/\/elpueblonoticia.com.ar\/web\/2025\/12\/01\/libarona-presento-en-corrientes-los-lineamientos-del-nuevo-codigo-procesal-penal-federal\/","title":{"rendered":"Libarona present\u00f3 en Corrientes los lineamientos del nuevo C\u00f3digo Procesal Penal Federal"},"content":{"rendered":"<p>El ministro de Justicia de la Naci\u00f3n explic\u00f3 en Corrientes los alcances de la entrada en vigencia del nuevo C\u00f3digo Procesal Penal Federal.<\/p>\n<article class=\"articulo\" data-id=\"692da30b2bbcba0014931162\">\n<div class=\"articulo__container\">\n<div class=\"articulo__body\">\n<div class=\"articulo__cuerpo\">\n<p>El <strong>ministro de Justicia de la Naci\u00f3n, Mariano C\u00faneo Libarona<\/strong>, brind\u00f3 este lunes en Corrientes una conferencia de prensa donde detall\u00f3 los cambios m\u00e1s importantes que traer\u00e1 la implementaci\u00f3n del\u00a0<strong>nuevo C\u00f3digo Procesal Penal Federal.\u00a0<\/strong><\/p>\n<div class=\"container-spot\" data-tipo=\"tipo_todo\" data-pos=\"NEW_P1_cuerpo\">\n<div class=\"gpt-load\" data-gpt=\"\/22675780113\/nota\/new_p1_cuerpo\" data-size=\"[[728, 90]]\" data-gpt-mobile=\"\/22675780113\/nota\/new_p1_cuerpo\" data-size-mobile=\"[[320, 100],[300, 250],[300, 100],[300, 50]]\"><\/div>\n<\/div>\n<p>Libarona se\u00f1al\u00f3 que la puesta en marcha del nuevo c\u00f3digo representa\u00a0<strong>un quiebre hist\u00f3rico<\/strong>\u00a0para la Justicia Federal. \u201cUno es la implementaci\u00f3n de la ley procesal que le confiere amplios derechos a las partes. Cambia totalmente el sistema: se acab\u00f3 el sistema inquisitivo, el expediente con ganchos, la oscuridad, y pasamos a un sistema con roles distintos, definidos, precisos, con transparencia, celeridad, formalizaci\u00f3n e inmediatez. Todo oral, todo audiencias y r\u00e1pidas.<\/p>\n<p>\u201dIndic\u00f3 que este paso coloca al pa\u00eds en un modelo moderno, basado en la oralidad, la publicidad de los actos y la presencia directa de todas las partes en cada instancia clave del proceso.<\/p>\n<div class=\"container-spot\" data-tipo=\"tipo_todo\" data-pos=\"NEW_P2_cuerpo\">\n<div class=\"gpt-load\" data-gpt=\"\/22675780113\/nota\/new_p2_cuerpo\" data-size=\"[[728, 90]]\" data-gpt-mobile=\"\/22675780113\/nota\/new_p2_cuerpo\" data-size-mobile=\"[[320, 100],[320, 50],[300, 600],[300, 250],[300, 100],[300, 50]]\"><\/div>\n<\/div>\n<h3><strong>Nuevo C\u00f3digo Penal en camino<\/strong><\/h3>\n<p>El ministro confirm\u00f3 adem\u00e1s que el\u00a0<strong>proyecto de nuevo C\u00f3digo Penal<\/strong>\u00a0est\u00e1 en etapa avanzada dentro del Ejecutivo.\u00a0\u201cEs el segundo cambio. El proyecto del C\u00f3digo Penal est\u00e1 avanzando en \u00e1reas del Gobierno para ser sometido a consideraci\u00f3n del Congreso.\u201d<\/p>\n<p>A esto sum\u00f3 otras reformas ya sancionadas o en debate legislativo, como la\u00a0<strong>ley de juicio en ausencia<\/strong>, la\u00a0<strong>ley de reiterancia<\/strong>, la\u00a0<strong>ley de mafias<\/strong>\u00a0y la\u00a0<strong>ley de imputabilidad<\/strong>, esta \u00faltima elaborada por \u00e9l mismo.<\/p>\n<div class=\"container-spot\" data-tipo=\"tipo_todo\" data-pos=\"NEW_P3_cuerpo\">\n<div class=\"gpt-load\" data-gpt=\"\/22675780113\/nota\/new_p3_cuerpo\" data-size=\"[[728, 90]]\" data-gpt-mobile=\"\/22675780113\/nota\/new_p3_cuerpo\" data-size-mobile=\"[[320, 100],[320, 50],[300, 250],[300, 100],[300, 50]]\"><\/div>\n<\/div>\n<p>Libarona destac\u00f3 que el objetivo es construir un\u00a0<strong>plexo normativo moderno y eficaz<\/strong>, que incluya tambi\u00e9n la\u00a0<strong>oralidad civil y comercial<\/strong>\u00a0y una\u00a0<strong>nueva ley de sociedades<\/strong>. \u201cQueremos herramientas \u00fatiles para que jueces y fiscales trabajen mejor. Que tengamos una justicia mejor, que se reconcilie con la sociedad que tanto la critica.\u201d<\/p>\n<p>Asegur\u00f3 que el presidente\u00a0<strong>Javier Milei<\/strong>\u00a0y el nuevo jefe de Gabinete,\u00a0<strong>Manuel Adorni<\/strong>, le dieron la instrucci\u00f3n de avanzar con determinaci\u00f3n:\u00a0<em>\u201cLa orden del Presidente es que tengamos una justicia mejor.\u201d<\/em><\/p>\n<div class=\"container-spot\" data-tipo=\"tipo_todo\" data-pos=\"NEW_P4_cuerpo\">\n<div class=\"gpt-load\" data-gpt=\"\/22675780113\/nota\/new_p4_cuerpo\" data-size=\"[[728, 90]]\" data-gpt-mobile=\"\/22675780113\/nota\/new_p4_cuerpo\" data-size-mobile=\"[[300, 600],[300, 250],[300, 100],[300, 50],[320, 100],[320, 50]]\"><\/div>\n<\/div>\n<p>Sobre c\u00f3mo afectar\u00e1n estos cambios en la vida cotidiana de la gente, el ministro fue contundente.\u00a0\u201cMucho. La prensa, van a poder asistir a todos los juicios. Va a ser todo oral. La v\u00edctima va a ser invitada y tendr\u00e1 intervenci\u00f3n real en m\u00faltiples actos procesales. El ciudadano debe sentirse parte.\u201d<\/p>\n<p>Adem\u00e1s, reafirm\u00f3 su intenci\u00f3n de insistir con los\u00a0<strong>juicios por jurados<\/strong>, porque significan \u201csoberan\u00eda popular y decisi\u00f3n del pueblo\u201d.<\/p>\n<div class=\"container-spot\" data-tipo=\"tipo_todo\" data-pos=\"NEW_P5_cuerpo\">\n<div class=\"gpt-load\" data-gpt=\"\/22675780113\/nota\/new_p5_cuerpo\" data-size=\"[[728, 90]]\" data-gpt-mobile=\"\/22675780113\/nota\/new_p5_cuerpo\" data-size-mobile=\"[[300, 250],[300, 100],[300, 50]]\"><\/div>\n<\/div>\n<h3><strong>Un cambio profundo para la profesi\u00f3n jur\u00eddica<\/strong><\/h3>\n<p>El ministro tambi\u00e9n se refiri\u00f3 al impacto en el ejercicio de la abogac\u00eda.\u00a0\u201cEl cambio ser\u00e1 sustancial. Los abogados deber\u00e1n profesionalizarse m\u00e1s, trabajar en equipos, alegar en audiencias, lucirse. Vamos a tener un sistema similar al de las pel\u00edculas de Estados Unidos.\u201d<\/p>\n<p>Recalc\u00f3 que la nueva estructura permitir\u00e1 juicios m\u00e1s cortos, con plazos razonables entre\u00a0<strong>3 y 6 a\u00f1os<\/strong>, y la posibilidad de que las partes acuerden extensiones o l\u00edmites.<\/p>\n<div class=\"container-spot\" data-tipo=\"tipo_todo\" data-pos=\"NEW_P6_cuerpo\">\n<div class=\"gpt-load\" data-gpt=\"\/22675780113\/nota\/new_p6_cuerpo\" data-size=\"[[728, 90]]\" data-gpt-mobile=\"\/22675780113\/nota\/new_p6_cuerpo\" data-size-mobile=\"[[300, 600],[300, 250],[300, 100],[300, 50]]\"><\/div>\n<\/div>\n<p>Libarona insisti\u00f3 en la necesidad de eliminar procesos eternos.\u00a0\u201cNo puede ser que existan juicios de 22 o 26 a\u00f1os. \u2018Justicia lenta no es justicia; justicia r\u00e1pida es un derecho humano esencial\u2019, dec\u00eda mi padre.\u201d<\/p>\n<p>Explic\u00f3 que el nuevo c\u00f3digo introduce la\u00a0<strong>extinci\u00f3n de la acci\u00f3n penal por plazo razonable<\/strong>, lo que responsabiliza al Estado si no cumple con los tiempos establecidos.<\/p>\n<div class=\"container-spot\" data-tipo=\"tipo_todo\" data-pos=\"NEW_P7_cuerpo\">\n<div class=\"gpt-load\" data-gpt=\"\/22675780113\/nota\/new_p7_cuerpo\" data-size=\"[[728, 90]]\" data-gpt-mobile=\"\/22675780113\/nota\/new_p7_cuerpo\" data-size-mobile=\"[[300, 250],[300, 100],[300, 50]]\"><\/div>\n<\/div>\n<\/div>\n<\/div>\n<\/div>\n<\/article>\n","protected":false},"excerpt":{"rendered":"<p>El ministro de Justicia de la Naci\u00f3n explic\u00f3 en Corrientes los alcances de la entrada en vigencia del nuevo C\u00f3digo Procesal Penal Federal. El ministro de Justicia de la Naci\u00f3n, Mariano C\u00faneo Libarona, brind\u00f3 este lunes en Corrientes una conferencia de prensa donde detall\u00f3 los cambios m\u00e1s importantes que traer\u00e1 la implementaci\u00f3n del\u00a0nuevo C\u00f3digo Procesal [&hellip;]<\/p>\n","protected":false},"author":2,"featured_media":4502,"comment_status":"open","ping_status":"open","sticky":false,"template":"","format":"standard","meta":{"footnotes":""},"categories":[78],"tags":[],"class_list":{"0":"post-4501","1":"post","2":"type-post","3":"status-publish","4":"format-standard","5":"has-post-thumbnail","7":"category-generales"},"_links":{"self":[{"href":"https:\/\/elpueblonoticia.com.ar\/web\/wp-json\/wp\/v2\/posts\/4501","targetHints":{"allow":["GET"]}}],"collection":[{"href":"https:\/\/elpueblonoticia.com.ar\/web\/wp-json\/wp\/v2\/posts"}],"about":[{"href":"https:\/\/elpueblonoticia.com.ar\/web\/wp-json\/wp\/v2\/types\/post"}],"author":[{"embeddable":true,"href":"https:\/\/elpueblonoticia.com.ar\/web\/wp-json\/wp\/v2\/users\/2"}],"replies":[{"embeddable":true,"href":"https:\/\/elpueblonoticia.com.ar\/web\/wp-json\/wp\/v2\/comments?post=4501"}],"version-history":[{"count":1,"href":"https:\/\/elpueblonoticia.com.ar\/web\/wp-json\/wp\/v2\/posts\/4501\/revisions"}],"predecessor-version":[{"id":4503,"href":"https:\/\/elpueblonoticia.com.ar\/web\/wp-json\/wp\/v2\/posts\/4501\/revisions\/4503"}],"wp:featuredmedia":[{"embeddable":true,"href":"https:\/\/elpueblonoticia.com.ar\/web\/wp-json\/wp\/v2\/media\/4502"}],"wp:attachment":[{"href":"https:\/\/elpueblonoticia.com.ar\/web\/wp-json\/wp\/v2\/media?parent=4501"}],"wp:term":[{"taxonomy":"category","embeddable":true,"href":"https:\/\/elpueblonoticia.com.ar\/web\/wp-json\/wp\/v2\/categories?post=4501"},{"taxonomy":"post_tag","embeddable":true,"href":"https:\/\/elpueblonoticia.com.ar\/web\/wp-json\/wp\/v2\/tags?post=4501"}],"curies":[{"name":"wp","href":"https:\/\/api.w.org\/{rel}","templated":true}]}}