{"id":4497,"date":"2025-12-01T11:13:47","date_gmt":"2025-12-01T14:13:47","guid":{"rendered":"https:\/\/elpueblonoticia.com.ar\/web\/?p=4497"},"modified":"2025-12-01T11:13:47","modified_gmt":"2025-12-01T14:13:47","slug":"los-feriados-y-fines-de-semana-largo-que-quedan-en-el-2025","status":"publish","type":"post","link":"https:\/\/elpueblonoticia.com.ar\/web\/2025\/12\/01\/los-feriados-y-fines-de-semana-largo-que-quedan-en-el-2025\/","title":{"rendered":"Los feriados y fines de semana largo que quedan en el 2025"},"content":{"rendered":"<p class=\"ignore-parser\"><strong>Quedan muy pocos d\u00edas libres en el calendario 2025, mientras que el 2026 ya asoma con tres fines de semana largos que prometen alivio y escapadas.<\/strong><\/p>\n<section class=\"detail-body first-paragraph\">\n<section class=\"body-content note-body content-protected-false\" data-twitter-link=\"&lt;a href=\">Con el a\u00f1o llegando a su fin, muchas personas revisan los\u00a0<b>feriados\u00a0<\/b>que quedan para saber si todav\u00eda pueden armar un\u00a0<strong>fin de semana largo<\/strong>\u00a0antes de que termine 2025. La buena noticia es que a\u00fan restan dos jornadas oficiales dentro del calendario publicado por el Gobierno.<\/p>\n<\/section>\n<\/section>\n<section class=\"detail-body second-paragraph\">\n<section class=\"body-content note-body content-protected-false\">Al mismo tiempo, el Ejecutivo ya avanza en la organizaci\u00f3n del calendario 2026. Con el decreto 614\/2025, firmado por el presidente Javier Milei y su jefe de Gabinete, se actualiz\u00f3 el esquema de feriados trasladables pensando en el a\u00f1o pr\u00f3ximo.<\/p>\n<section class=\"detail-body\">\n<section class=\"body-content note-body content-protected-false\">\n<h2><strong>Los feriados que restan en 2025<\/strong><\/h2>\n<p>Seg\u00fan la informaci\u00f3n publicada en el sitio oficial del Gobierno argentino, el calendario de\u00a0<strong>feriados<\/strong>\u00a0de 2025 marca que las dos \u00faltimas fechas disponibles ser\u00e1n el 8 de diciembre, por la Inmaculada Concepci\u00f3n de Mar\u00eda, y el 25 de diciembre, Navidad.<\/p>\n<\/section>\n<\/section>\n<section class=\"detail-body\">\n<section class=\"body-content note-body content-protected-false\">A esto se suma que muchas empresas suelen otorgar asueto los d\u00edas 24 y 31 de diciembre por las celebraciones de fin de a\u00f1o. En otros casos, se aplican modalidades m\u00e1s flexibles, como permitir\u00a0<strong>home office<\/strong>\u00a0o reducir la jornada laboral para facilitar la organizaci\u00f3n de las fiestas.<\/p>\n<\/section>\n<\/section>\n<section class=\"detail-body\">\n<section class=\"body-content note-body content-protected-false\">\n<figure id=\"7743369-Libre-1131325618_wrap\" class=\"embed_cont type_imagen\">\n<div id=\"7743369-Libre-1131325618_content\" class=\"embed_content\"><img decoding=\"async\" src=\"https:\/\/media.minutouno.com\/p\/5919f2f0b974acdbe800ba9faac85ca4\/adjuntos\/150\/imagenes\/040\/414\/0040414009\/feriado-enero-2023.jpg\" data-src=\"https:\/\/media.minutouno.com\/p\/5919f2f0b974acdbe800ba9faac85ca4\/adjuntos\/150\/imagenes\/040\/414\/0040414009\/feriado-enero-2023.jpg\" data-td-src-property=\"&lt;a href=\" \/><\/div><figcaption class=\"embed_wrapper-cont\">\n<div id=\"7743369-Libre-1131325618_epigrafe\" class=\"embed_epigrafe\"><\/div>\n<\/figcaption><\/figure>\n<h2><strong>Calendario de feriados 2026<\/strong><\/h2>\n<p><strong>Feriados inamovibles 2026<\/strong><\/p>\n<\/section>\n<\/section>\n<section class=\"detail-body\">\n<section class=\"body-content note-body content-protected-false\">\n<ul>\n<li aria-level=\"1\">1 de enero: A\u00f1o Nuevo.<\/li>\n<li aria-level=\"1\">16 y 17 de febrero: Carnaval.<\/li>\n<li aria-level=\"1\">24 de marzo: D\u00eda Nacional de la Memoria por la Verdad y la Justicia.<\/li>\n<li aria-level=\"1\">2 y 3 de abril: D\u00eda del Veterano y los Ca\u00eddos en la Guerra de Malvinas y Viernes Santo.<\/li>\n<li aria-level=\"1\">1 de mayo: D\u00eda del Trabajador.<\/li>\n<li aria-level=\"1\">25 de mayo: D\u00eda de la Revoluci\u00f3n de Mayo.<\/li>\n<li aria-level=\"1\">20 de junio: Paso a la Inmortalidad de Manuel Belgrano.<\/li>\n<li aria-level=\"1\">9 de julio: D\u00eda de la Independencia.<\/li>\n<li aria-level=\"1\">8 de diciembre: Inmaculada Concepci\u00f3n de Mar\u00eda.<\/li>\n<li aria-level=\"1\">25 de diciembre: Navidad.<\/li>\n<\/ul>\n<p><strong>Feriados trasladables 2026<\/strong><\/p>\n<ul>\n<li aria-level=\"1\">\u00a017 de junio: Paso a la Inmortalidad del General Mart\u00edn Miguel de G\u00fcemes, posible traslado.<\/li>\n<li aria-level=\"1\">17 de agosto: Paso a la Inmortalidad del General Jos\u00e9 de San Mart\u00edn, traslado confirmado al lunes.<\/li>\n<li aria-level=\"1\">12 de octubre: D\u00eda del Respeto a la Diversidad Cultural, traslado confirmado al lunes.<\/li>\n<li aria-level=\"1\">20 de noviembre: D\u00eda de la Soberan\u00eda Nacional, traslado al viernes para generar un fin de semana largo.<\/li>\n<\/ul>\n<\/section>\n<\/section>\n<\/section>\n<\/section>\n","protected":false},"excerpt":{"rendered":"<p>Quedan muy pocos d\u00edas libres en el calendario 2025, mientras que el 2026 ya asoma con tres fines de semana largos que prometen alivio y escapadas. Con el a\u00f1o llegando a su fin, muchas personas revisan los\u00a0feriados\u00a0que quedan para saber si todav\u00eda pueden armar un\u00a0fin de semana largo\u00a0antes de que termine 2025. La buena noticia [&hellip;]<\/p>\n","protected":false},"author":2,"featured_media":4498,"comment_status":"open","ping_status":"open","sticky":false,"template":"","format":"standard","meta":{"footnotes":""},"categories":[78],"tags":[],"class_list":{"0":"post-4497","1":"post","2":"type-post","3":"status-publish","4":"format-standard","5":"has-post-thumbnail","7":"category-generales"},"_links":{"self":[{"href":"https:\/\/elpueblonoticia.com.ar\/web\/wp-json\/wp\/v2\/posts\/4497","targetHints":{"allow":["GET"]}}],"collection":[{"href":"https:\/\/elpueblonoticia.com.ar\/web\/wp-json\/wp\/v2\/posts"}],"about":[{"href":"https:\/\/elpueblonoticia.com.ar\/web\/wp-json\/wp\/v2\/types\/post"}],"author":[{"embeddable":true,"href":"https:\/\/elpueblonoticia.com.ar\/web\/wp-json\/wp\/v2\/users\/2"}],"replies":[{"embeddable":true,"href":"https:\/\/elpueblonoticia.com.ar\/web\/wp-json\/wp\/v2\/comments?post=4497"}],"version-history":[{"count":1,"href":"https:\/\/elpueblonoticia.com.ar\/web\/wp-json\/wp\/v2\/posts\/4497\/revisions"}],"predecessor-version":[{"id":4499,"href":"https:\/\/elpueblonoticia.com.ar\/web\/wp-json\/wp\/v2\/posts\/4497\/revisions\/4499"}],"wp:featuredmedia":[{"embeddable":true,"href":"https:\/\/elpueblonoticia.com.ar\/web\/wp-json\/wp\/v2\/media\/4498"}],"wp:attachment":[{"href":"https:\/\/elpueblonoticia.com.ar\/web\/wp-json\/wp\/v2\/media?parent=4497"}],"wp:term":[{"taxonomy":"category","embeddable":true,"href":"https:\/\/elpueblonoticia.com.ar\/web\/wp-json\/wp\/v2\/categories?post=4497"},{"taxonomy":"post_tag","embeddable":true,"href":"https:\/\/elpueblonoticia.com.ar\/web\/wp-json\/wp\/v2\/tags?post=4497"}],"curies":[{"name":"wp","href":"https:\/\/api.w.org\/{rel}","templated":true}]}}