{"id":4489,"date":"2025-12-01T10:50:53","date_gmt":"2025-12-01T13:50:53","guid":{"rendered":"https:\/\/elpueblonoticia.com.ar\/web\/?p=4489"},"modified":"2025-12-01T10:50:53","modified_gmt":"2025-12-01T13:50:53","slug":"tn-platex-cerro-una-linea-de-confeccion-y-despidio-a-20-empleados","status":"publish","type":"post","link":"https:\/\/elpueblonoticia.com.ar\/web\/2025\/12\/01\/tn-platex-cerro-una-linea-de-confeccion-y-despidio-a-20-empleados\/","title":{"rendered":"Tn Platex cerr\u00f3 una l\u00ednea de confecci\u00f3n y despidi\u00f3 a 20 empleados"},"content":{"rendered":"<div><span style=\"color: #0000cc;\">MONTE CASEROS:\u00a0<\/span><\/div>\n<div><\/div>\n<div>La compa\u00f1\u00eda redefine su esquema productivo y desplaza su enfoque hacia nuevas etapas de fabricaci\u00f3n. El ajuste interno se desarrolla en paralelo a un escenario desafiante para la actividad textil nacional.<\/div>\n<div><\/div>\n<div>\n<div>La firma textil Tn Platex, ubicada en la localidad correntina de Monte Caseros, confirm\u00f3 el cierre de su \u00e1rea de confecci\u00f3n de prendas deportivas y ropa interior, dejando como resultado 20 despidos entre los 36 operarios afectados, mientras los trabajadores restantes ser\u00e1n reubicados en otras secciones de la planta.<\/div>\n<div><\/div>\n<h2 class=\"\">Reestructuraci\u00f3n interna y cambio de foco productivo<\/h2>\n<div>Las desvinculaciones se realizar\u00e1n con indemnizaciones acordadas entre la empresa y los sindicatos, vinculadas a la retracci\u00f3n del consumo dom\u00e9stico y al descenso de las ventas de indumentaria que aceleraron el proceso de reorganizaci\u00f3n.<\/div>\n<div>Con la eliminaci\u00f3n del sector de confecci\u00f3n, 16 empleados ser\u00e1n asignados a telares e hilander\u00eda, mientras que otro grupo prefiri\u00f3 acogerse a un acuerdo indemnizatorio en lugar de aceptar la reubicaci\u00f3n interna.<\/div>\n<div><\/div>\n<div>El delegado gremial, Rub\u00e9n L\u00f3pez, explic\u00f3 que el cierre permitir\u00e1 liberar espacio para instalar nuevas m\u00e1quinas destinadas exclusivamente a la fabricaci\u00f3n de telas.<\/div>\n<div>L\u00f3pez indic\u00f3 que la maquinaria trasladada llegaran desde las plantas de La Rioja y Tucum\u00e1n. Adem\u00e1s, afirm\u00f3 que los trabajadores desvinculados tendr\u00e1n prioridad para reingresar cuando el nuevo sector est\u00e9 operativo, manteni\u00e9ndose acuerdos individuales para quienes opten por retiros voluntarios indemnizados.<\/div>\n<div><\/div>\n<div>Parte de la maquinaria ser\u00e1 trasladada desde las plantas de La Rioja y Tucum\u00e1n, como parte de una reconfiguraci\u00f3n productiva entre centros industriales. El grupo Tn Platex opera seis complejos fabriles, un centro de distribuci\u00f3n y oficinas en siete provincias.<\/div>\n<div>El conjunto industrial abarca 180.000 metros cuadrados y emplea a 1.750 personas de manera directa. La nueva unidad orientada a la producci\u00f3n de telas comenzar\u00e1 a operar entre marzo y abril de 2026.<\/div>\n<div><\/div>\n<div>Las autoridades gremiales y la compa\u00f1\u00eda aclararon que la reconfiguraci\u00f3n no implica un despido masivo ni afecta a toda la planta, que contin\u00faa operando con alrededor de 300 empleados, y se\u00f1alaron que las versiones sobre 50 despidos no son correctas.<\/div>\n<h2 class=\"\">Empresa familiar y trayectoria en la industria textil<\/h2>\n<div>Tn Platex naci\u00f3 en 1979 como una hilander\u00eda fundada por Agop Karagozian, inmigrante proveniente de Turqu\u00eda, y con los a\u00f1os se expandi\u00f3 hacia la producci\u00f3n de telas y la confecci\u00f3n para terceros.<\/div>\n<div><\/div>\n<div>Teodoro \u201cTeddy\u201d Karagozian, expresidente de la compa\u00f1\u00eda y fundador de ProTejer, fue el \u00faltimo integrante del Consejo de Asesores Econ\u00f3micos del presidente Javier Milei en ser apartado del grupo encabezado por Demian Reidel.<\/div>\n<div>Hoy, la direcci\u00f3n empresarial se encuentra en manos de sus hijos Tom\u00e1s y Lucas, con Tom\u00e1s Karagozian como titular de la compa\u00f1\u00eda.<\/div>\n<div><\/div>\n<div>En sus libros \u201cMochila argentina\u201d y \u201cRevoluci\u00f3n impositiva\u201d, Karagozian desarroll\u00f3 propuestas sobre el Seguro de Garant\u00eda de Indemnizaci\u00f3n (SGI) y cuestionamientos sobre la \u201cfalta de correspondencia fiscal\u201d.<\/div>\n<div><\/div>\n<div>Perfil<\/div>\n<\/div>\n","protected":false},"excerpt":{"rendered":"<p>MONTE CASEROS:\u00a0 La compa\u00f1\u00eda redefine su esquema productivo y desplaza su enfoque hacia nuevas etapas de fabricaci\u00f3n. El ajuste interno se desarrolla en paralelo a un escenario desafiante para la actividad textil nacional. La firma textil Tn Platex, ubicada en la localidad correntina de Monte Caseros, confirm\u00f3 el cierre de su \u00e1rea de confecci\u00f3n de [&hellip;]<\/p>\n","protected":false},"author":2,"featured_media":4490,"comment_status":"open","ping_status":"open","sticky":false,"template":"","format":"standard","meta":{"footnotes":""},"categories":[65],"tags":[],"class_list":{"0":"post-4489","1":"post","2":"type-post","3":"status-publish","4":"format-standard","5":"has-post-thumbnail","7":"category-economia"},"_links":{"self":[{"href":"https:\/\/elpueblonoticia.com.ar\/web\/wp-json\/wp\/v2\/posts\/4489","targetHints":{"allow":["GET"]}}],"collection":[{"href":"https:\/\/elpueblonoticia.com.ar\/web\/wp-json\/wp\/v2\/posts"}],"about":[{"href":"https:\/\/elpueblonoticia.com.ar\/web\/wp-json\/wp\/v2\/types\/post"}],"author":[{"embeddable":true,"href":"https:\/\/elpueblonoticia.com.ar\/web\/wp-json\/wp\/v2\/users\/2"}],"replies":[{"embeddable":true,"href":"https:\/\/elpueblonoticia.com.ar\/web\/wp-json\/wp\/v2\/comments?post=4489"}],"version-history":[{"count":1,"href":"https:\/\/elpueblonoticia.com.ar\/web\/wp-json\/wp\/v2\/posts\/4489\/revisions"}],"predecessor-version":[{"id":4491,"href":"https:\/\/elpueblonoticia.com.ar\/web\/wp-json\/wp\/v2\/posts\/4489\/revisions\/4491"}],"wp:featuredmedia":[{"embeddable":true,"href":"https:\/\/elpueblonoticia.com.ar\/web\/wp-json\/wp\/v2\/media\/4490"}],"wp:attachment":[{"href":"https:\/\/elpueblonoticia.com.ar\/web\/wp-json\/wp\/v2\/media?parent=4489"}],"wp:term":[{"taxonomy":"category","embeddable":true,"href":"https:\/\/elpueblonoticia.com.ar\/web\/wp-json\/wp\/v2\/categories?post=4489"},{"taxonomy":"post_tag","embeddable":true,"href":"https:\/\/elpueblonoticia.com.ar\/web\/wp-json\/wp\/v2\/tags?post=4489"}],"curies":[{"name":"wp","href":"https:\/\/api.w.org\/{rel}","templated":true}]}}