{"id":4484,"date":"2025-12-01T10:41:38","date_gmt":"2025-12-01T13:41:38","guid":{"rendered":"https:\/\/elpueblonoticia.com.ar\/web\/?p=4484"},"modified":"2025-12-01T10:41:38","modified_gmt":"2025-12-01T13:41:38","slug":"las-voces-de-la-cultura-se-unen-en-defensa-del-teatro-municipal-goya","status":"publish","type":"post","link":"https:\/\/elpueblonoticia.com.ar\/web\/2025\/12\/01\/las-voces-de-la-cultura-se-unen-en-defensa-del-teatro-municipal-goya\/","title":{"rendered":"Las voces de la Cultura se unen en defensa del  Teatro Municipal Goya"},"content":{"rendered":"<div style=\"width: 464px;\" class=\"wp-video\"><!--[if lt IE 9]><script>document.createElement('video');<\/script><![endif]-->\n<video class=\"wp-video-shortcode\" id=\"video-4484-1\" width=\"464\" height=\"832\" preload=\"metadata\" controls=\"controls\"><source type=\"video\/mp4\" src=\"https:\/\/elpueblonoticia.com.ar\/web\/wp-content\/uploads\/2025\/12\/descarga.mp4?_=1\" \/><a href=\"https:\/\/elpueblonoticia.com.ar\/web\/wp-content\/uploads\/2025\/12\/descarga.mp4\">https:\/\/elpueblonoticia.com.ar\/web\/wp-content\/uploads\/2025\/12\/descarga.mp4<\/a><\/video><\/div>\n<p>Esta noche a las 20,00 se har\u00e1 un abrazo simb\u00f3lico al Teatro Municipal para evitar su cierre. Ttrascendi\u00f3 que debido a la falta de acuerdo entre los propietarios del Teatro Solari, la familia Olivetti, y la Municipalidad de Goya que alquila el mismo, el Teatro Municipal Goya, el m\u00e1s antiguo de pa\u00eds en funcionamiento, cerrar\u00eda sus puertas. Ante esta situaci\u00f3n, comenz\u00f3 una campa\u00f1a en redes sociales en la que actores , actrices, bailarines , artistas y pueblo general los invitamos abrazar a nuestro querido Teatro Municipal!!! El lunes 1 de Diciembre a las 20,00 &#8230; Un abrazo , un aplauso para poder recuperarlo &#8230; Que el arte nos encuentre !!<\/p>\n<p>&nbsp;<\/p>\n","protected":false},"excerpt":{"rendered":"<p>Esta noche a las 20,00 se har\u00e1 un abrazo simb\u00f3lico al Teatro Municipal para evitar su cierre. Ttrascendi\u00f3 que debido a la falta de acuerdo entre los propietarios del Teatro Solari, la familia Olivetti, y la Municipalidad de Goya que alquila el mismo, el Teatro Municipal Goya, el m\u00e1s antiguo de pa\u00eds en funcionamiento, cerrar\u00eda [&hellip;]<\/p>\n","protected":false},"author":2,"featured_media":4486,"comment_status":"open","ping_status":"open","sticky":false,"template":"","format":"standard","meta":{"footnotes":""},"categories":[78],"tags":[],"class_list":{"0":"post-4484","1":"post","2":"type-post","3":"status-publish","4":"format-standard","5":"has-post-thumbnail","7":"category-generales"},"_links":{"self":[{"href":"https:\/\/elpueblonoticia.com.ar\/web\/wp-json\/wp\/v2\/posts\/4484","targetHints":{"allow":["GET"]}}],"collection":[{"href":"https:\/\/elpueblonoticia.com.ar\/web\/wp-json\/wp\/v2\/posts"}],"about":[{"href":"https:\/\/elpueblonoticia.com.ar\/web\/wp-json\/wp\/v2\/types\/post"}],"author":[{"embeddable":true,"href":"https:\/\/elpueblonoticia.com.ar\/web\/wp-json\/wp\/v2\/users\/2"}],"replies":[{"embeddable":true,"href":"https:\/\/elpueblonoticia.com.ar\/web\/wp-json\/wp\/v2\/comments?post=4484"}],"version-history":[{"count":1,"href":"https:\/\/elpueblonoticia.com.ar\/web\/wp-json\/wp\/v2\/posts\/4484\/revisions"}],"predecessor-version":[{"id":4487,"href":"https:\/\/elpueblonoticia.com.ar\/web\/wp-json\/wp\/v2\/posts\/4484\/revisions\/4487"}],"wp:featuredmedia":[{"embeddable":true,"href":"https:\/\/elpueblonoticia.com.ar\/web\/wp-json\/wp\/v2\/media\/4486"}],"wp:attachment":[{"href":"https:\/\/elpueblonoticia.com.ar\/web\/wp-json\/wp\/v2\/media?parent=4484"}],"wp:term":[{"taxonomy":"category","embeddable":true,"href":"https:\/\/elpueblonoticia.com.ar\/web\/wp-json\/wp\/v2\/categories?post=4484"},{"taxonomy":"post_tag","embeddable":true,"href":"https:\/\/elpueblonoticia.com.ar\/web\/wp-json\/wp\/v2\/tags?post=4484"}],"curies":[{"name":"wp","href":"https:\/\/api.w.org\/{rel}","templated":true}]}}