{"id":4480,"date":"2025-12-01T10:29:33","date_gmt":"2025-12-01T13:29:33","guid":{"rendered":"https:\/\/elpueblonoticia.com.ar\/web\/?p=4480"},"modified":"2025-12-01T10:29:33","modified_gmt":"2025-12-01T13:29:33","slug":"renuncio-bullrich-y-asume-monteoliva-en-un-area-donde-prevalece-una-doctrina-definida","status":"publish","type":"post","link":"https:\/\/elpueblonoticia.com.ar\/web\/2025\/12\/01\/renuncio-bullrich-y-asume-monteoliva-en-un-area-donde-prevalece-una-doctrina-definida\/","title":{"rendered":"Renunci\u00f3 Bullrich y asume Monteoliva, en un \u00e1rea donde \u201cprevalece\u201d una doctrina definida"},"content":{"rendered":"<p>La ministra de Seguridad, Patricia Bullrich, formaliz\u00f3 este domingo su renuncia al cargo en el Poder Ejecutivo, una decisi\u00f3n que anticipa su inminente asunci\u00f3n como senadora nacional el pr\u00f3ximo 10 de diciembre y que marca un cierre ordenado de su paso por el Gabinete.<\/p>\n<p><strong>La salida se concret\u00f3 tras una comunicaci\u00f3n oficial en la que se inform\u00f3 que la actual secretaria de la cartera, Alejandra Monteoliva, quedar\u00e1 a cargo del Ministerio, garantizando continuidad administrativa y operativa en un \u00e1rea considerada estrat\u00e9gica para el Gobierno nacional.<\/strong><\/p>\n<p><strong>La renuncia fue acompa\u00f1ada por un mensaje difundido a trav\u00e9s de su cuenta de X, donde Bullrich expres\u00f3 su agradecimiento al presidente Javier Milei\u00a0<\/strong>por \u201cla confianza y el respaldo para sostener y ejecutar la doctrina de seguridad y orden que hoy prevalece en el pa\u00eds\u201d.<\/p>\n<figure class=\"wp-block-embed is-type-rich is-provider-twitter wp-block-embed-twitter\">\n<div class=\"wp-block-embed__wrapper\">\n<div class=\"twitter-tweet twitter-tweet-rendered\"><iframe id=\"twitter-widget-0\" class=\"\" title=\"X Post\" src=\"https:\/\/platform.twitter.com\/embed\/Tweet.html?dnt=true&amp;embedId=twitter-widget-0&amp;features=eyJ0ZndfdGltZWxpbmVfbGlzdCI6eyJidWNrZXQiOltdLCJ2ZXJzaW9uIjpudWxsfSwidGZ3X2ZvbGxvd2VyX2NvdW50X3N1bnNldCI6eyJidWNrZXQiOnRydWUsInZlcnNpb24iOm51bGx9LCJ0ZndfdHdlZXRfZWRpdF9iYWNrZW5kIjp7ImJ1Y2tldCI6Im9uIiwidmVyc2lvbiI6bnVsbH0sInRmd19yZWZzcmNfc2Vzc2lvbiI6eyJidWNrZXQiOiJvbiIsInZlcnNpb24iOm51bGx9LCJ0ZndfZm9zbnJfc29mdF9pbnRlcnZlbnRpb25zX2VuYWJsZWQiOnsiYnVja2V0Ijoib24iLCJ2ZXJzaW9uIjpudWxsfSwidGZ3X21peGVkX21lZGlhXzE1ODk3Ijp7ImJ1Y2tldCI6InRyZWF0bWVudCIsInZlcnNpb24iOm51bGx9LCJ0ZndfZXhwZXJpbWVudHNfY29va2llX2V4cGlyYXRpb24iOnsiYnVja2V0IjoxMjA5NjAwLCJ2ZXJzaW9uIjpudWxsfSwidGZ3X3Nob3dfYmlyZHdhdGNoX3Bpdm90c19lbmFibGVkIjp7ImJ1Y2tldCI6Im9uIiwidmVyc2lvbiI6bnVsbH0sInRmd19kdXBsaWNhdGVfc2NyaWJlc190b19zZXR0aW5ncyI6eyJidWNrZXQiOiJvbiIsInZlcnNpb24iOm51bGx9LCJ0ZndfdXNlX3Byb2ZpbGVfaW1hZ2Vfc2hhcGVfZW5hYmxlZCI6eyJidWNrZXQiOiJvbiIsInZlcnNpb24iOm51bGx9LCJ0ZndfdmlkZW9faGxzX2R5bmFtaWNfbWFuaWZlc3RzXzE1MDgyIjp7ImJ1Y2tldCI6InRydWVfYml0cmF0ZSIsInZlcnNpb24iOm51bGx9LCJ0ZndfbGVnYWN5X3RpbWVsaW5lX3N1bnNldCI6eyJidWNrZXQiOnRydWUsInZlcnNpb24iOm51bGx9LCJ0ZndfdHdlZXRfZWRpdF9mcm9udGVuZCI6eyJidWNrZXQiOiJvbiIsInZlcnNpb24iOm51bGx9fQ%3D%3D&amp;frame=false&amp;hideCard=false&amp;hideThread=false&amp;id=1995259604729512034&amp;lang=es&amp;origin=https%3A%2F%2Fwww.diarioellibertador.com.ar%2Frenuncio-bullrich-y-asume-monteoliva-en-un-area-donde-prevalece-una-doctrina-definida%2F&amp;sessionId=f607f375d19a99f3de76da8f81dea2ca8014d50b&amp;theme=light&amp;widgetsVersion=2615f7e52b7e0%3A1702314776716&amp;width=550px\" frameborder=\"0\" scrolling=\"no\" allowfullscreen=\"allowfullscreen\" data-tweet-id=\"1995259604729512034\" data-mce-fragment=\"1\"><\/iframe><\/div>\n<\/div>\n<\/figure>\n<p>En ese marco, la funcionaria destac\u00f3 su alineamiento con los lineamientos presidenciales, que se orientan a fortalecer la autoridad del Estado frente al delito y promover reformas estructurales en las fuerzas de seguridad.<\/p>\n<p>La designaci\u00f3n de Alejandra Monteoliva como sucesora representa un movimiento natural dentro del Ministerio, dado que se desempe\u00f1aba hasta ahora como secretaria del \u00e1rea y participaba activamente en la planificaci\u00f3n de pol\u00edticas operativas y programas de control territorial. Con amplia trayectoria en gesti\u00f3n institucional, su llegada al mando procura asegurar la continuidad t\u00e9cnica y doctrinaria del equipo que acompa\u00f1\u00f3 a Bullrich durante el a\u00f1o.<\/p>\n<figure class=\"wp-block-image size-full\"><img loading=\"lazy\" decoding=\"async\" class=\"wp-image-377641 entered lazyloaded\" src=\"https:\/\/www.diarioellibertador.com.ar\/wp-content\/uploads\/2025\/11\/image-1-8.jpg\" sizes=\"auto, (max-width: 800px) 100vw, 800px\" srcset=\"https:\/\/www.diarioellibertador.com.ar\/wp-content\/uploads\/2025\/11\/image-1-8.jpg 800w, https:\/\/www.diarioellibertador.com.ar\/wp-content\/uploads\/2025\/11\/image-1-8-150x99.jpg 150w, https:\/\/www.diarioellibertador.com.ar\/wp-content\/uploads\/2025\/11\/image-1-8-450x297.jpg 450w, https:\/\/www.diarioellibertador.com.ar\/wp-content\/uploads\/2025\/11\/image-1-8-768x507.jpg 768w\" alt=\"\" width=\"800\" height=\"528\" data-lazy-srcset=\"https:\/\/www.diarioellibertador.com.ar\/wp-content\/uploads\/2025\/11\/image-1-8.jpg 800w, https:\/\/www.diarioellibertador.com.ar\/wp-content\/uploads\/2025\/11\/image-1-8-150x99.jpg 150w, https:\/\/www.diarioellibertador.com.ar\/wp-content\/uploads\/2025\/11\/image-1-8-450x297.jpg 450w, https:\/\/www.diarioellibertador.com.ar\/wp-content\/uploads\/2025\/11\/image-1-8-768x507.jpg 768w\" data-lazy-sizes=\"(max-width: 800px) 100vw, 800px\" data-lazy-src=\"https:\/\/www.diarioellibertador.com.ar\/wp-content\/uploads\/2025\/11\/image-1-8.jpg\" data-ll-status=\"loaded\" \/><\/figure>\n<p><strong>Seg\u00fan fuentes oficiales, Monteoliva ya ven\u00eda interviniendo en la coordinaci\u00f3n de operativos federales y en la supervisi\u00f3n de programas de articulaci\u00f3n con las provincias.<\/strong><\/p>\n<p>La salida de Bullrich se inscribe en un proceso m\u00e1s amplio de reacomodamientos dentro del oficialismo, donde varios dirigentes que integraban el Gabinete nacional comienzan a asumir nuevos roles legislativos.<\/p>\n<p>Cabe remarcar que la proyecci\u00f3n de Bullrich hacia el Senado implica un cambio de escenario pol\u00edtico, pero no un retiro de la escena p\u00fablica, dado que continuar\u00e1 vinculada a la agenda de seguridad desde su rol parlamentario y como referencia del espacio libertario.<\/p>\n<h2 class=\"wp-block-heading\">PROYECCI\u00d3N LEGISLATIVA Y DEFINICI\u00d3N INTERNA<\/h2>\n<p>A partir del 10 de diciembre se espera que Bullrich encabece el bloque de senadores de La Libertad Avanza, un rol que la coloca en el centro de la estrategia legislativa del oficialismo para las sesiones extraordinarias.<\/p>\n<p>En las \u00faltimas semanas, mantuvo reuniones con los integrantes de su futura bancada, en las que se avanz\u00f3 en la definici\u00f3n de prioridades parlamentarias y en la coordinaci\u00f3n de posiciones frente a los temas que el Gobierno buscar\u00e1 impulsar en el corto plazo.<\/p>\n<p><strong>Entre las iniciativas previstas para el debate, destacan el proyecto de Presupuesto 2026 y un conjunto de reformas consideradas fundamentales para el programa de gobierno.<\/strong><\/p>\n<p>Seg\u00fan lo anticipado por la propia Bullrich en declaraciones previas, el oficialismo pretende aprovechar el per\u00edodo de sesiones extraordinarias para instalar temas clave vinculados a modernizaci\u00f3n del Estado, ordenamiento administrativo y reformas estructurales que consideran necesarias para apuntalar el rumbo econ\u00f3mico y pol\u00edtico de la gesti\u00f3n.<\/p>\n","protected":false},"excerpt":{"rendered":"<p>La ministra de Seguridad, Patricia Bullrich, formaliz\u00f3 este domingo su renuncia al cargo en el Poder Ejecutivo, una decisi\u00f3n que anticipa su inminente asunci\u00f3n como senadora nacional el pr\u00f3ximo 10 de diciembre y que marca un cierre ordenado de su paso por el Gabinete. La salida se concret\u00f3 tras una comunicaci\u00f3n oficial en la que [&hellip;]<\/p>\n","protected":false},"author":2,"featured_media":4481,"comment_status":"open","ping_status":"open","sticky":false,"template":"","format":"standard","meta":{"footnotes":""},"categories":[66],"tags":[],"class_list":{"0":"post-4480","1":"post","2":"type-post","3":"status-publish","4":"format-standard","5":"has-post-thumbnail","7":"category-politica-nacionales"},"_links":{"self":[{"href":"https:\/\/elpueblonoticia.com.ar\/web\/wp-json\/wp\/v2\/posts\/4480","targetHints":{"allow":["GET"]}}],"collection":[{"href":"https:\/\/elpueblonoticia.com.ar\/web\/wp-json\/wp\/v2\/posts"}],"about":[{"href":"https:\/\/elpueblonoticia.com.ar\/web\/wp-json\/wp\/v2\/types\/post"}],"author":[{"embeddable":true,"href":"https:\/\/elpueblonoticia.com.ar\/web\/wp-json\/wp\/v2\/users\/2"}],"replies":[{"embeddable":true,"href":"https:\/\/elpueblonoticia.com.ar\/web\/wp-json\/wp\/v2\/comments?post=4480"}],"version-history":[{"count":1,"href":"https:\/\/elpueblonoticia.com.ar\/web\/wp-json\/wp\/v2\/posts\/4480\/revisions"}],"predecessor-version":[{"id":4482,"href":"https:\/\/elpueblonoticia.com.ar\/web\/wp-json\/wp\/v2\/posts\/4480\/revisions\/4482"}],"wp:featuredmedia":[{"embeddable":true,"href":"https:\/\/elpueblonoticia.com.ar\/web\/wp-json\/wp\/v2\/media\/4481"}],"wp:attachment":[{"href":"https:\/\/elpueblonoticia.com.ar\/web\/wp-json\/wp\/v2\/media?parent=4480"}],"wp:term":[{"taxonomy":"category","embeddable":true,"href":"https:\/\/elpueblonoticia.com.ar\/web\/wp-json\/wp\/v2\/categories?post=4480"},{"taxonomy":"post_tag","embeddable":true,"href":"https:\/\/elpueblonoticia.com.ar\/web\/wp-json\/wp\/v2\/tags?post=4480"}],"curies":[{"name":"wp","href":"https:\/\/api.w.org\/{rel}","templated":true}]}}