{"id":4475,"date":"2025-12-01T09:58:51","date_gmt":"2025-12-01T12:58:51","guid":{"rendered":"https:\/\/elpueblonoticia.com.ar\/web\/?p=4475"},"modified":"2025-12-01T09:58:51","modified_gmt":"2025-12-01T12:58:51","slug":"el-sector-privado-perdio-mas-empleos-formales-que-el-publico","status":"publish","type":"post","link":"https:\/\/elpueblonoticia.com.ar\/web\/2025\/12\/01\/el-sector-privado-perdio-mas-empleos-formales-que-el-publico\/","title":{"rendered":"El sector privado perdi\u00f3 m\u00e1s empleos formales que el p\u00fablico"},"content":{"rendered":"<div id=\"modalIntrotext\">\n<div>Revelan que el ajuste golpea m\u00e1s fuerte en las empresas, con una p\u00e9rdida de puestos seis veces mayor que en el \u00e1rea p\u00fablica. El Salario M\u00ednimo, Vital y M\u00f3vil (Smvm) cay\u00f3 desde noviembre de 2023 el 35%.<\/div>\n<div><\/div>\n<\/div>\n<div id=\"modalFulltext\">\n<div>Un estudio del Instituto Interdisciplinario de Econom\u00eda Pol\u00edtica (Iiep) de la Universidad de Buenos Aires (UBA) confirm\u00f3 que el ajuste del empleo en Argentina afect\u00f3 con mayor intensidad al sector privado. El informe detalla que la p\u00e9rdida de puestos de trabajo formales en las empresas fue seis veces superior a la registrada en el sector p\u00fablico.<\/div>\n<div>\n<div>Este fen\u00f3meno describe un panorama de estancamiento, donde solo el empleo formal en casas particulares mantuvo su estabilidad. Seg\u00fan el estudio, el empleo asalariado formal experiment\u00f3 una ca\u00edda ininterrumpida desde el mes de mayo. Los datos desagregados correspondientes a agosto evidencian la magnitud de esta contracci\u00f3n. En total, se perdieron 13.100 puestos de trabajo. De esta cifra, 10.600 correspondieron al sector privado, mientras que 1.700 se registraron en el sector p\u00fablico.<\/div>\n<div><\/div>\n<div><\/div>\n<div><b>PODER ADQUISITIVO\u00a0 \u00a0 \u00a0 \u00a0 \u00a0 \u00a0 \u00a0 \u00a0 \u00a0 \u00a0 \u00a0 \u00a0 \u00a0 \u00a0 \u00a0 \u00a0 \u00a0 \u00a0 \u00a0 \u00a0 \u00a0 \u00a0 \u00a0 \u00a0 \u00a0 \u00a0 \u00a0 \u00a0 \u00a0 \u00a0 \u00a0 \u00a0 \u00a0 \u00a0 \u00a0 \u00a0 \u00a0 \u00a0 \u00a0 \u00a0 \u00a0 \u00a0 \u00a0 \u00a0 \u00a0 \u00a0 \u00a0 \u00a0 \u00a0 \u00a0 \u00a0 \u00a0 \u00a0 \u00a0 \u00a0 \u00a0 \u00a0 \u00a0 \u00a0 \u00a0 \u00a0 \u00a0 \u00a0 \u00a0 \u00a0 \u00a0 \u00a0 \u00a0 \u00a0 \u00a0 \u00a0 \u00a0 \u00a0 \u00a0 \u00a0\u00a0<\/b><\/div>\n<div><\/div>\n<div><\/div>\n<div>\n<div>En paralelo a la contracci\u00f3n del empleo, el estudio del Iiep revela un deterioro hist\u00f3rico en el poder adquisitivo del Salario M\u00ednimo, Vital y M\u00f3vil (Smvm). Entre noviembre de 2023 y octubre de 2025, el Smvm acumul\u00f3 una ca\u00edda real del 35%. Este valor de octubre de 2025 se sit\u00faa por debajo del registrado en el a\u00f1o 2001, previo a la crisis de la convertibilidad. El Smvm actual representa solo el 36% de su valor m\u00e1ximo hist\u00f3rico, alcanzado en septiembre de 2011, lo que implica una erosi\u00f3n del 64%. La disminuci\u00f3n del poder adquisitivo se ha acentuado en los \u00faltimos meses, con descensos de -0,5% en julio, -0,5% en agosto, -2,0% en septiembre y -2,3% en octubre, consolidando una tendencia decreciente originada tras la aceleraci\u00f3n inflacionaria de finales de 2023.<\/div>\n<div><\/div>\n<\/div>\n<div><\/div>\n<div><b>A NIVEL PROVINCIAL<\/b><\/div>\n<div>\n<div><\/div>\n<div>El empleo formal privado se redujo en 16 provincias y solo aument\u00f3 en seis. Neuqu\u00e9n (-0,7%), Chaco (-0,6%) y Formosa (-0,6%) registraron las mayores ca\u00eddas porcentuales. Buenos Aires y la Ciudad Aut\u00f3noma de Buenos Aires explicaron el 44% y el 40% de la variaci\u00f3n negativa total. Por sexo, el empleo femenino mostr\u00f3 un comportamiento algo m\u00e1s favorable que el masculino en los primeros meses de 2025, aunque esta diferencia se diluy\u00f3 en julio y agosto. En septiembre, el empleo masculino se redujo levemente (-0,1%), mientras que el femenino permaneci\u00f3 estable. En cuanto al tama\u00f1o de empresa, la p\u00e9rdida de empleo en septiembre se concentr\u00f3 en las empresas chicas (-1,5%) y grandes (-1%), mientras que las medianas experimentaron un leve aumento (+0,5%).<\/div>\n<\/div>\n<\/div>\n<\/div>\n","protected":false},"excerpt":{"rendered":"<p>Revelan que el ajuste golpea m\u00e1s fuerte en las empresas, con una p\u00e9rdida de puestos seis veces mayor que en el \u00e1rea p\u00fablica. El Salario M\u00ednimo, Vital y M\u00f3vil (Smvm) cay\u00f3 desde noviembre de 2023 el 35%. Un estudio del Instituto Interdisciplinario de Econom\u00eda Pol\u00edtica (Iiep) de la Universidad de Buenos Aires (UBA) confirm\u00f3 que [&hellip;]<\/p>\n","protected":false},"author":2,"featured_media":4476,"comment_status":"open","ping_status":"open","sticky":false,"template":"","format":"standard","meta":{"footnotes":""},"categories":[65],"tags":[],"class_list":{"0":"post-4475","1":"post","2":"type-post","3":"status-publish","4":"format-standard","5":"has-post-thumbnail","7":"category-economia"},"_links":{"self":[{"href":"https:\/\/elpueblonoticia.com.ar\/web\/wp-json\/wp\/v2\/posts\/4475","targetHints":{"allow":["GET"]}}],"collection":[{"href":"https:\/\/elpueblonoticia.com.ar\/web\/wp-json\/wp\/v2\/posts"}],"about":[{"href":"https:\/\/elpueblonoticia.com.ar\/web\/wp-json\/wp\/v2\/types\/post"}],"author":[{"embeddable":true,"href":"https:\/\/elpueblonoticia.com.ar\/web\/wp-json\/wp\/v2\/users\/2"}],"replies":[{"embeddable":true,"href":"https:\/\/elpueblonoticia.com.ar\/web\/wp-json\/wp\/v2\/comments?post=4475"}],"version-history":[{"count":1,"href":"https:\/\/elpueblonoticia.com.ar\/web\/wp-json\/wp\/v2\/posts\/4475\/revisions"}],"predecessor-version":[{"id":4477,"href":"https:\/\/elpueblonoticia.com.ar\/web\/wp-json\/wp\/v2\/posts\/4475\/revisions\/4477"}],"wp:featuredmedia":[{"embeddable":true,"href":"https:\/\/elpueblonoticia.com.ar\/web\/wp-json\/wp\/v2\/media\/4476"}],"wp:attachment":[{"href":"https:\/\/elpueblonoticia.com.ar\/web\/wp-json\/wp\/v2\/media?parent=4475"}],"wp:term":[{"taxonomy":"category","embeddable":true,"href":"https:\/\/elpueblonoticia.com.ar\/web\/wp-json\/wp\/v2\/categories?post=4475"},{"taxonomy":"post_tag","embeddable":true,"href":"https:\/\/elpueblonoticia.com.ar\/web\/wp-json\/wp\/v2\/tags?post=4475"}],"curies":[{"name":"wp","href":"https:\/\/api.w.org\/{rel}","templated":true}]}}