{"id":4470,"date":"2025-12-01T09:51:17","date_gmt":"2025-12-01T12:51:17","guid":{"rendered":"https:\/\/elpueblonoticia.com.ar\/web\/?p=4470"},"modified":"2025-12-01T09:51:17","modified_gmt":"2025-12-01T12:51:17","slug":"uno-por-uno-todos-los-aumentos-que-llegan-en-diciembre","status":"publish","type":"post","link":"https:\/\/elpueblonoticia.com.ar\/web\/2025\/12\/01\/uno-por-uno-todos-los-aumentos-que-llegan-en-diciembre\/","title":{"rendered":"Uno por uno, todos los aumentos que llegan en diciembre"},"content":{"rendered":"<p><strong>Son al menos seis los servicios que tienen aumentos previstos para el \u00faltimo mes del a\u00f1o, que van desde los alquileres hasta las prepagas.<\/strong><\/p>\n<section class=\"detail-body first-paragraph\">\n<section class=\"body-content note-body content-protected-false\" data-twitter-link=\"&lt;a href=\">Como casi siempre y en casi todo desde la asunci\u00f3n de Javier Milei a la Presidencia, brutalmente como en el inicio de su gesti\u00f3n o por goteo durante los \u00faltimos dos a\u00f1os,\u00a0<strong>para diciembre se vienen nuevos aumentos, que van desde los alquileres hasta la telefon\u00eda<\/strong>, pasando por prepagas y transporte.<\/p>\n<\/section>\n<\/section>\n<section class=\"detail-body second-paragraph\">\n<section class=\"body-content note-body content-protected-false\">Al menos hay seis subas confirmadas para el mes entrante, para seguir enflaqueciendo los bolsillos de los argentinos,\u00a0<strong>de por s\u00ed bastante escu\u00e1lidos en el marco general de econom\u00eda en recesi\u00f3n y empleo formal en retroceso<\/strong>.<\/p>\n<section class=\"detail-body\">\n<section class=\"body-content note-body content-protected-false\">De esta manera, y mientras el Gobierno contin\u00faa celebrando los \u00edndices de inflaci\u00f3n, el poder adquisitivo de los argentinos sigue en baja con nuevos golpes al bolsillo para cerrar el 2025.<\/p>\n<\/section>\n<\/section>\n<section class=\"detail-body\">\n<section class=\"body-content note-body content-protected-false\">\n<figure id=\"8159015-Libre-1146543233_wrap\" class=\"embed_cont type_imagen\"><figcaption>\n<section class=\"detail-body\">\n<section class=\"body-content note-body content-protected-false\">\n<h2><strong>Los aumentos confirmados para diciembre<\/strong><\/h2>\n<h3><strong>Alquileres<\/strong><\/h3>\n<p>Los\u00a0<strong>contratos que a\u00fan se rigen bajo la derogada Ley de Alquileres tendr\u00e1n en noviembre un aumento de 28,67%, lo que representa una desaceleraci\u00f3n<\/strong>\u00a0con respecto a ajustes anteriores: en noviembre fue de 38%, en octubre de 46,1%, en septiembre de 50,3% y en agosto de 55,67%.<\/p>\n<\/section>\n<\/section>\n<section class=\"detail-body\">\n<section class=\"body-content note-body content-protected-false\">Como se sabe, los incrementos se calculan en funci\u00f3n del\u00a0<strong>\u00edndice que realiza el Banco Central y que contempla la variaci\u00f3n de la inflaci\u00f3n (seg\u00fan el INDEC) y los salarios<\/strong>, de acuerdo con la remuneraci\u00f3n promedio de los trabajadores estables (RIPTE).<\/p>\n<figure id=\"8159016-Libre-814907306_wrap\" class=\"embed_cont type_imagen\">\n<div id=\"8159016-Libre-814907306_content\" class=\"embed_content\">\n<div id=\"standard_2\" class=\"st-placement standard_2 inImage\">\n<div class=\"st-adunit st-adunit-tagged st-reset st-show\">\n<div class=\"st-adunit-ad st-reset\">\n<div class=\"st-display-render st-reset open 728x90\">\n<div class=\"st-canvas st-reset horizontal-static\">\n<div class=\"x-to-close st-reset\"><\/div>\n<\/div>\n<\/div>\n<\/div>\n<\/div>\n<\/div>\n<p><img decoding=\"async\" src=\"https:\/\/media.minutouno.com\/p\/9220676de82e15b4febcd72754c5c57b\/adjuntos\/150\/imagenes\/042\/988\/0042988371\/610x0\/smart\/alquileres.jpg\" data-src=\"https:\/\/media.minutouno.com\/p\/9220676de82e15b4febcd72754c5c57b\/adjuntos\/150\/imagenes\/042\/988\/0042988371\/610x0\/smart\/alquileres.jpg\" data-td-src-property=\"&lt;a href=\" \/><\/div><figcaption class=\"embed_wrapper-cont\">\n<div id=\"8159016-Libre-814907306_epigrafe\" class=\"embed_epigrafe\"><\/div>\n<\/figcaption><\/figure>\n<h3><strong>Boleto de colectivos en la Ciudad<\/strong><\/h3>\n<p><strong>En la Ciudad Aut\u00f3noma de Buenos Aires, los cuadros tarifarios de los colectivos subir\u00e1n 4,3%<\/strong>, alcanzando valores de $593,27 para el boleto hasta 3 kil\u00f3metros; $660,91 hasta 6 kil\u00f3metros; $711,83 hasta 12 kil\u00f3metros, y $762,78 hasta 27 kil\u00f3metros de recorrido.<\/p>\n<h3><strong>Pasaje del subte<\/strong><\/h3>\n<p>En territorio porte\u00f1o tambi\u00e9n subir\u00e1\u00a0<strong>la tarifa del subte, con un pasaje que pasar\u00e1 a costar $1.207 en diciembre<\/strong>; el Premetro, en tanto, saldr\u00e1 $422,36.<\/p>\n<h3><strong>Boleto de colectivos en PBA<\/strong><\/h3>\n<p>A partir del primer d\u00eda de diciembre, los colectivos que circulan en la provincia de Buenos Aires aumentar\u00e1n 14,4%, pasando a\u00a0<strong>$655,61 el recorrido m\u00ednimo hasta 3 kil\u00f3metros; $730,42 hasta 6 kil\u00f3metros; $786,61 hasta 12 kil\u00f3metros, y $842,93 hasta 27 kil\u00f3metros<\/strong>. Vale advertir que las nuevas tarifas aplicar\u00e1n en las l\u00edneas numeradas del 200 en adelante.<\/p>\n<h3><strong>Telefon\u00eda<\/strong><\/h3>\n<figure id=\"8159014-Libre-528105815_wrap\" class=\"embed_cont type_imagen\">\n<div id=\"8159014-Libre-528105815_content\" class=\"embed_content\"><img decoding=\"async\" src=\"https:\/\/media.minutouno.com\/p\/c23e9190f63c320c3c78940e68f312d2\/adjuntos\/150\/imagenes\/042\/988\/0042988369\/610x0\/smart\/telefonia.jpg\" data-src=\"https:\/\/media.minutouno.com\/p\/c23e9190f63c320c3c78940e68f312d2\/adjuntos\/150\/imagenes\/042\/988\/0042988369\/610x0\/smart\/telefonia.jpg\" data-td-src-property=\"&lt;a href=\" \/><\/div><figcaption class=\"embed_wrapper-cont\">\n<div id=\"8159014-Libre-528105815_epigrafe\" class=\"embed_epigrafe\"><\/div>\n<\/figcaption><\/figure>\n<p>Seg\u00fan anticiparon las compa\u00f1\u00edas de telefon\u00eda m\u00f3vil,\u00a0<strong>a partir de los primeros d\u00edas de diciembre aplicar\u00e1n un nuevo ajuste a sus tarifas, con un incremento llegar\u00e1 hasta 4%<\/strong>, seg\u00fan la operadora.<\/p>\n<h3><strong>Prepagas<\/strong><\/h3>\n<p>Las\u00a0<strong>empresas de medicina prepaga comunicaron a sus afiliados que los aumentos de las cuotas oscilar\u00e1n entre 2,3% y 2,4% en diciembre<\/strong>, aplicando a los copagos, cuyos detalles pueden consultarse a trav\u00e9s de la plataforma digital habilitada por la Superintendencia de Servicios de Salud (SSS).<\/p>\n<\/section>\n<\/section>\n<\/figcaption><\/figure>\n<\/section>\n<\/section>\n<\/section>\n<\/section>\n","protected":false},"excerpt":{"rendered":"<p>Son al menos seis los servicios que tienen aumentos previstos para el \u00faltimo mes del a\u00f1o, que van desde los alquileres hasta las prepagas. Como casi siempre y en casi todo desde la asunci\u00f3n de Javier Milei a la Presidencia, brutalmente como en el inicio de su gesti\u00f3n o por goteo durante los \u00faltimos dos [&hellip;]<\/p>\n","protected":false},"author":2,"featured_media":4471,"comment_status":"open","ping_status":"open","sticky":false,"template":"","format":"standard","meta":{"footnotes":""},"categories":[65],"tags":[],"class_list":{"0":"post-4470","1":"post","2":"type-post","3":"status-publish","4":"format-standard","5":"has-post-thumbnail","7":"category-economia"},"_links":{"self":[{"href":"https:\/\/elpueblonoticia.com.ar\/web\/wp-json\/wp\/v2\/posts\/4470","targetHints":{"allow":["GET"]}}],"collection":[{"href":"https:\/\/elpueblonoticia.com.ar\/web\/wp-json\/wp\/v2\/posts"}],"about":[{"href":"https:\/\/elpueblonoticia.com.ar\/web\/wp-json\/wp\/v2\/types\/post"}],"author":[{"embeddable":true,"href":"https:\/\/elpueblonoticia.com.ar\/web\/wp-json\/wp\/v2\/users\/2"}],"replies":[{"embeddable":true,"href":"https:\/\/elpueblonoticia.com.ar\/web\/wp-json\/wp\/v2\/comments?post=4470"}],"version-history":[{"count":1,"href":"https:\/\/elpueblonoticia.com.ar\/web\/wp-json\/wp\/v2\/posts\/4470\/revisions"}],"predecessor-version":[{"id":4472,"href":"https:\/\/elpueblonoticia.com.ar\/web\/wp-json\/wp\/v2\/posts\/4470\/revisions\/4472"}],"wp:featuredmedia":[{"embeddable":true,"href":"https:\/\/elpueblonoticia.com.ar\/web\/wp-json\/wp\/v2\/media\/4471"}],"wp:attachment":[{"href":"https:\/\/elpueblonoticia.com.ar\/web\/wp-json\/wp\/v2\/media?parent=4470"}],"wp:term":[{"taxonomy":"category","embeddable":true,"href":"https:\/\/elpueblonoticia.com.ar\/web\/wp-json\/wp\/v2\/categories?post=4470"},{"taxonomy":"post_tag","embeddable":true,"href":"https:\/\/elpueblonoticia.com.ar\/web\/wp-json\/wp\/v2\/tags?post=4470"}],"curies":[{"name":"wp","href":"https:\/\/api.w.org\/{rel}","templated":true}]}}