{"id":4462,"date":"2025-12-01T09:36:33","date_gmt":"2025-12-01T12:36:33","guid":{"rendered":"https:\/\/elpueblonoticia.com.ar\/web\/?p=4462"},"modified":"2025-12-01T09:36:33","modified_gmt":"2025-12-01T12:36:33","slug":"jp-valdes-no-descarto-el-bono-navideno-pero-senalo-que-dependera-del-presupuesto-con-responsabilidad-y-seriedad-vamos-a-hacer-el-anuncio","status":"publish","type":"post","link":"https:\/\/elpueblonoticia.com.ar\/web\/2025\/12\/01\/jp-valdes-no-descarto-el-bono-navideno-pero-senalo-que-dependera-del-presupuesto-con-responsabilidad-y-seriedad-vamos-a-hacer-el-anuncio\/","title":{"rendered":"JP Vald\u00e9s no descart\u00f3 el bono navide\u00f1o pero se\u00f1al\u00f3 que depender\u00e1 del Presupuesto: &#8220;Con responsabilidad y seriedad vamos a hacer el anuncio&#8221;"},"content":{"rendered":"<p>El gobernador electo de Corrientes confirm\u00f3 que esta semana comenzar\u00e1 a revelar los nombres de su equipo, pero advirti\u00f3 que cualquier decisi\u00f3n sobre un bono navide\u00f1o depender\u00e1 del visto bueno a la ley de gastos. Tambi\u00e9n evalu\u00f3 sumar intendentes y habl\u00f3 de la situaci\u00f3n financiera provincial.<\/p>\n<p>&#8220;Ahora estamos trabajando en el Presupuesto; cuando se apruebe, con mucha responsabilidad y seriedad, vamos a hacer el anuncio para que la gente tenga certezas&#8221;, afirm\u00f3 en declaraciones a la prensa. Aunque asegur\u00f3 que &#8220;la Provincia est\u00e1 equilibrada&#8221;, Vald\u00e9s alert\u00f3 sobre el impacto de la ca\u00edda de la recaudaci\u00f3n nacional, un factor que \u2014dijo\u2014 obliga a actuar con cautela antes de comprometer nuevos recursos.<\/p>\n","protected":false},"excerpt":{"rendered":"<p>El gobernador electo de Corrientes confirm\u00f3 que esta semana comenzar\u00e1 a revelar los nombres de su equipo, pero advirti\u00f3 que cualquier decisi\u00f3n sobre un bono navide\u00f1o depender\u00e1 del visto bueno a la ley de gastos. Tambi\u00e9n evalu\u00f3 sumar intendentes y habl\u00f3 de la situaci\u00f3n financiera provincial. &#8220;Ahora estamos trabajando en el Presupuesto; cuando se apruebe, [&hellip;]<\/p>\n","protected":false},"author":2,"featured_media":4463,"comment_status":"open","ping_status":"open","sticky":false,"template":"","format":"standard","meta":{"footnotes":""},"categories":[78],"tags":[],"class_list":{"0":"post-4462","1":"post","2":"type-post","3":"status-publish","4":"format-standard","5":"has-post-thumbnail","7":"category-generales"},"_links":{"self":[{"href":"https:\/\/elpueblonoticia.com.ar\/web\/wp-json\/wp\/v2\/posts\/4462","targetHints":{"allow":["GET"]}}],"collection":[{"href":"https:\/\/elpueblonoticia.com.ar\/web\/wp-json\/wp\/v2\/posts"}],"about":[{"href":"https:\/\/elpueblonoticia.com.ar\/web\/wp-json\/wp\/v2\/types\/post"}],"author":[{"embeddable":true,"href":"https:\/\/elpueblonoticia.com.ar\/web\/wp-json\/wp\/v2\/users\/2"}],"replies":[{"embeddable":true,"href":"https:\/\/elpueblonoticia.com.ar\/web\/wp-json\/wp\/v2\/comments?post=4462"}],"version-history":[{"count":1,"href":"https:\/\/elpueblonoticia.com.ar\/web\/wp-json\/wp\/v2\/posts\/4462\/revisions"}],"predecessor-version":[{"id":4464,"href":"https:\/\/elpueblonoticia.com.ar\/web\/wp-json\/wp\/v2\/posts\/4462\/revisions\/4464"}],"wp:featuredmedia":[{"embeddable":true,"href":"https:\/\/elpueblonoticia.com.ar\/web\/wp-json\/wp\/v2\/media\/4463"}],"wp:attachment":[{"href":"https:\/\/elpueblonoticia.com.ar\/web\/wp-json\/wp\/v2\/media?parent=4462"}],"wp:term":[{"taxonomy":"category","embeddable":true,"href":"https:\/\/elpueblonoticia.com.ar\/web\/wp-json\/wp\/v2\/categories?post=4462"},{"taxonomy":"post_tag","embeddable":true,"href":"https:\/\/elpueblonoticia.com.ar\/web\/wp-json\/wp\/v2\/tags?post=4462"}],"curies":[{"name":"wp","href":"https:\/\/api.w.org\/{rel}","templated":true}]}}