{"id":4458,"date":"2025-12-01T09:29:17","date_gmt":"2025-12-01T12:29:17","guid":{"rendered":"https:\/\/elpueblonoticia.com.ar\/web\/?p=4458"},"modified":"2025-12-01T09:29:17","modified_gmt":"2025-12-01T12:29:17","slug":"corrientes-diciembre-arranca-con-aumentos-en-el-precio-de-los-combustibles","status":"publish","type":"post","link":"https:\/\/elpueblonoticia.com.ar\/web\/2025\/12\/01\/corrientes-diciembre-arranca-con-aumentos-en-el-precio-de-los-combustibles\/","title":{"rendered":"Corrientes: diciembre arranca con aumentos en el precio de los combustibles"},"content":{"rendered":"<p><strong>SUBAS EN EL ARRANQUE DEL \u00daLTIMO MES DEL A\u00d1O<\/strong><\/p>\n<h1 class=\"wp-block-heading\"><\/h1>\n<p>Se trata de un aumento que comenz\u00f3 a regir desde este el lunes 1 de diciembre, seg\u00fan lo dispuesto en el decreto 840, publicado el viernes en el Bolet\u00edn Oficial. En Corrientes, Shell registra retoques en sus pizarras.<\/p>\n<p>En Corrientes, Shell registra la nafta S\u00faper a 1.777, la Power $2.041 y la V-Power a $2.046.<\/p>\n<p>D. \u00c9POCA<\/p>\n<p>&nbsp;<\/p>\n","protected":false},"excerpt":{"rendered":"<p>SUBAS EN EL ARRANQUE DEL \u00daLTIMO MES DEL A\u00d1O Se trata de un aumento que comenz\u00f3 a regir desde este el lunes 1 de diciembre, seg\u00fan lo dispuesto en el decreto 840, publicado el viernes en el Bolet\u00edn Oficial. En Corrientes, Shell registra retoques en sus pizarras. En Corrientes, Shell registra la nafta S\u00faper a [&hellip;]<\/p>\n","protected":false},"author":2,"featured_media":4459,"comment_status":"open","ping_status":"open","sticky":false,"template":"","format":"standard","meta":{"footnotes":""},"categories":[78],"tags":[],"class_list":{"0":"post-4458","1":"post","2":"type-post","3":"status-publish","4":"format-standard","5":"has-post-thumbnail","7":"category-generales"},"_links":{"self":[{"href":"https:\/\/elpueblonoticia.com.ar\/web\/wp-json\/wp\/v2\/posts\/4458","targetHints":{"allow":["GET"]}}],"collection":[{"href":"https:\/\/elpueblonoticia.com.ar\/web\/wp-json\/wp\/v2\/posts"}],"about":[{"href":"https:\/\/elpueblonoticia.com.ar\/web\/wp-json\/wp\/v2\/types\/post"}],"author":[{"embeddable":true,"href":"https:\/\/elpueblonoticia.com.ar\/web\/wp-json\/wp\/v2\/users\/2"}],"replies":[{"embeddable":true,"href":"https:\/\/elpueblonoticia.com.ar\/web\/wp-json\/wp\/v2\/comments?post=4458"}],"version-history":[{"count":1,"href":"https:\/\/elpueblonoticia.com.ar\/web\/wp-json\/wp\/v2\/posts\/4458\/revisions"}],"predecessor-version":[{"id":4460,"href":"https:\/\/elpueblonoticia.com.ar\/web\/wp-json\/wp\/v2\/posts\/4458\/revisions\/4460"}],"wp:featuredmedia":[{"embeddable":true,"href":"https:\/\/elpueblonoticia.com.ar\/web\/wp-json\/wp\/v2\/media\/4459"}],"wp:attachment":[{"href":"https:\/\/elpueblonoticia.com.ar\/web\/wp-json\/wp\/v2\/media?parent=4458"}],"wp:term":[{"taxonomy":"category","embeddable":true,"href":"https:\/\/elpueblonoticia.com.ar\/web\/wp-json\/wp\/v2\/categories?post=4458"},{"taxonomy":"post_tag","embeddable":true,"href":"https:\/\/elpueblonoticia.com.ar\/web\/wp-json\/wp\/v2\/tags?post=4458"}],"curies":[{"name":"wp","href":"https:\/\/api.w.org\/{rel}","templated":true}]}}