{"id":4454,"date":"2025-12-01T09:21:46","date_gmt":"2025-12-01T12:21:46","guid":{"rendered":"https:\/\/elpueblonoticia.com.ar\/web\/?p=4454"},"modified":"2025-12-01T09:21:46","modified_gmt":"2025-12-01T12:21:46","slug":"acto-de-colacion-de-las-escuelas-municipales-y-el-itg","status":"publish","type":"post","link":"https:\/\/elpueblonoticia.com.ar\/web\/2025\/12\/01\/acto-de-colacion-de-las-escuelas-municipales-y-el-itg\/","title":{"rendered":"ACTO DE COLACI\u00d3N DE LAS ESCUELAS MUNICIPALES Y EL ITG"},"content":{"rendered":"<p>El pr\u00f3ximo martes 2 de diciembre, a las 19 y 30 horas, en el Multiespacio Ferial de Costa Surub\u00ed, se realizar\u00e1 el acto de colaci\u00f3n de las Escuelas Municipales y el ITG.<\/p>\n<p>Se invita a la comunidad a participar y acompa\u00f1ar a los egresados de los diferentes perfiles de las Escuelas Antonio R Villarreal y Nuestra Se\u00f1ora de Itat\u00ed y del Instituto Tecnol\u00f3gico Goya.<\/p>\n","protected":false},"excerpt":{"rendered":"<p>El pr\u00f3ximo martes 2 de diciembre, a las 19 y 30 horas, en el Multiespacio Ferial de Costa Surub\u00ed, se realizar\u00e1 el acto de colaci\u00f3n de las Escuelas Municipales y el ITG. Se invita a la comunidad a participar y acompa\u00f1ar a los egresados de los diferentes perfiles de las Escuelas Antonio R Villarreal y [&hellip;]<\/p>\n","protected":false},"author":2,"featured_media":4455,"comment_status":"open","ping_status":"open","sticky":false,"template":"","format":"standard","meta":{"footnotes":""},"categories":[56],"tags":[],"class_list":{"0":"post-4454","1":"post","2":"type-post","3":"status-publish","4":"format-standard","5":"has-post-thumbnail","7":"category-locales"},"_links":{"self":[{"href":"https:\/\/elpueblonoticia.com.ar\/web\/wp-json\/wp\/v2\/posts\/4454","targetHints":{"allow":["GET"]}}],"collection":[{"href":"https:\/\/elpueblonoticia.com.ar\/web\/wp-json\/wp\/v2\/posts"}],"about":[{"href":"https:\/\/elpueblonoticia.com.ar\/web\/wp-json\/wp\/v2\/types\/post"}],"author":[{"embeddable":true,"href":"https:\/\/elpueblonoticia.com.ar\/web\/wp-json\/wp\/v2\/users\/2"}],"replies":[{"embeddable":true,"href":"https:\/\/elpueblonoticia.com.ar\/web\/wp-json\/wp\/v2\/comments?post=4454"}],"version-history":[{"count":1,"href":"https:\/\/elpueblonoticia.com.ar\/web\/wp-json\/wp\/v2\/posts\/4454\/revisions"}],"predecessor-version":[{"id":4456,"href":"https:\/\/elpueblonoticia.com.ar\/web\/wp-json\/wp\/v2\/posts\/4454\/revisions\/4456"}],"wp:featuredmedia":[{"embeddable":true,"href":"https:\/\/elpueblonoticia.com.ar\/web\/wp-json\/wp\/v2\/media\/4455"}],"wp:attachment":[{"href":"https:\/\/elpueblonoticia.com.ar\/web\/wp-json\/wp\/v2\/media?parent=4454"}],"wp:term":[{"taxonomy":"category","embeddable":true,"href":"https:\/\/elpueblonoticia.com.ar\/web\/wp-json\/wp\/v2\/categories?post=4454"},{"taxonomy":"post_tag","embeddable":true,"href":"https:\/\/elpueblonoticia.com.ar\/web\/wp-json\/wp\/v2\/tags?post=4454"}],"curies":[{"name":"wp","href":"https:\/\/api.w.org\/{rel}","templated":true}]}}