{"id":4433,"date":"2025-12-01T08:27:29","date_gmt":"2025-12-01T11:27:29","guid":{"rendered":"https:\/\/elpueblonoticia.com.ar\/web\/?p=4433"},"modified":"2025-12-01T08:27:29","modified_gmt":"2025-12-01T11:27:29","slug":"delegacion-goya-de-ips-cambia-de-direccion-desde-el-lunes","status":"publish","type":"post","link":"https:\/\/elpueblonoticia.com.ar\/web\/2025\/12\/01\/delegacion-goya-de-ips-cambia-de-direccion-desde-el-lunes\/","title":{"rendered":"DELEGACI\u00d3N GOYA DE IPS CAMBIA DE DIRECCI\u00d3N DESDE EL LUNES"},"content":{"rendered":"<p class=\"x_MsoNormal\" data-olk-copy-source=\"MessageBody\">La Delegaci\u00f3n Goya del Instituto de Previsi\u00f3n Social, informa que desde el lunes 1 de diciembre atender\u00e1 en su nuevo local, de calle 25 de mayo 1030, local 4<\/p>\n<p class=\"x_MsoNormal\">La atenci\u00f3n ser\u00e1 la habitual de lunes a viernes en el horario de 7 y 30 a 13 horas<\/p>\n","protected":false},"excerpt":{"rendered":"<p>La Delegaci\u00f3n Goya del Instituto de Previsi\u00f3n Social, informa que desde el lunes 1 de diciembre atender\u00e1 en su nuevo local, de calle 25 de mayo 1030, local 4 La atenci\u00f3n ser\u00e1 la habitual de lunes a viernes en el horario de 7 y 30 a 13 horas<\/p>\n","protected":false},"author":2,"featured_media":4434,"comment_status":"open","ping_status":"open","sticky":false,"template":"","format":"standard","meta":{"footnotes":""},"categories":[56],"tags":[],"class_list":{"0":"post-4433","1":"post","2":"type-post","3":"status-publish","4":"format-standard","5":"has-post-thumbnail","7":"category-locales"},"_links":{"self":[{"href":"https:\/\/elpueblonoticia.com.ar\/web\/wp-json\/wp\/v2\/posts\/4433","targetHints":{"allow":["GET"]}}],"collection":[{"href":"https:\/\/elpueblonoticia.com.ar\/web\/wp-json\/wp\/v2\/posts"}],"about":[{"href":"https:\/\/elpueblonoticia.com.ar\/web\/wp-json\/wp\/v2\/types\/post"}],"author":[{"embeddable":true,"href":"https:\/\/elpueblonoticia.com.ar\/web\/wp-json\/wp\/v2\/users\/2"}],"replies":[{"embeddable":true,"href":"https:\/\/elpueblonoticia.com.ar\/web\/wp-json\/wp\/v2\/comments?post=4433"}],"version-history":[{"count":1,"href":"https:\/\/elpueblonoticia.com.ar\/web\/wp-json\/wp\/v2\/posts\/4433\/revisions"}],"predecessor-version":[{"id":4435,"href":"https:\/\/elpueblonoticia.com.ar\/web\/wp-json\/wp\/v2\/posts\/4433\/revisions\/4435"}],"wp:featuredmedia":[{"embeddable":true,"href":"https:\/\/elpueblonoticia.com.ar\/web\/wp-json\/wp\/v2\/media\/4434"}],"wp:attachment":[{"href":"https:\/\/elpueblonoticia.com.ar\/web\/wp-json\/wp\/v2\/media?parent=4433"}],"wp:term":[{"taxonomy":"category","embeddable":true,"href":"https:\/\/elpueblonoticia.com.ar\/web\/wp-json\/wp\/v2\/categories?post=4433"},{"taxonomy":"post_tag","embeddable":true,"href":"https:\/\/elpueblonoticia.com.ar\/web\/wp-json\/wp\/v2\/tags?post=4433"}],"curies":[{"name":"wp","href":"https:\/\/api.w.org\/{rel}","templated":true}]}}