{"id":4408,"date":"2025-11-28T11:41:53","date_gmt":"2025-11-28T14:41:53","guid":{"rendered":"https:\/\/elpueblonoticia.com.ar\/web\/?p=4408"},"modified":"2025-11-28T11:41:53","modified_gmt":"2025-11-28T14:41:53","slug":"caso-loan-casacion-ordeno-continuar-con-la-busqueda","status":"publish","type":"post","link":"https:\/\/elpueblonoticia.com.ar\/web\/2025\/11\/28\/caso-loan-casacion-ordeno-continuar-con-la-busqueda\/","title":{"rendered":"Caso Loan: Casaci\u00f3n orden\u00f3 continuar con la b\u00fasqueda"},"content":{"rendered":"<div id=\"modalIntrotext\">\n<div>La C\u00e1mara Federal de Casaci\u00f3n Penal decidi\u00f3 ayer que la causa por la desaparici\u00f3n de Loan Danilo Pe\u00f1a no debe cerrarse ni tener fecha l\u00edmite, y orden\u00f3 reactivar las medidas de b\u00fasqueda. El fallo anul\u00f3 una decisi\u00f3n previa que hab\u00eda establecido un plazo de dos meses para continuar con la instrucci\u00f3n.<\/div>\n<div><\/div>\n<div>Los jueces Diego Barroetave\u00f1a, Juan Carlos Gemignani y Carlos Mahiques consideraron que la limitaci\u00f3n temporal pon\u00eda en riesgo el derecho a la investigaci\u00f3n y a la verdad, dado que a\u00fan restan medidas pendientes, pruebas por producirse y la posibilidad de nuevos indicios.<br \/>\n<b><br \/>\n\u00abEL TIEMPO CORRE\u00bb<\/b><\/p>\n<p>Los padres del menor, quienes se hab\u00edan presentado ante la Corte en Comodoro Py para reclamar la continuidad del expediente, celebraron la decisi\u00f3n. \u201cEl tiempo corre contra la v\u00edctima\u201d, hab\u00eda advertido la madre durante su pedido.<\/p>\n<p>En junio de 2024, se lo vio por \u00faltima vez en la provincia de Corrientes. Desde entonces, se llevaron a cabo rastrillajes, medidas de prueba y detenciones, aunque hasta ahora no se logr\u00f3 dar con su paradero.<\/p>\n<p><b>REANUDAR LA B\u00daSQUEDA<\/b><\/p>\n<p>Con el fallo de Casaci\u00f3n, los investigadores podr\u00e1n reanudar b\u00fasquedas, reabrir diligencias pendientes y continuar recibiendo denuncias o nuevos testimonios, con la posibilidad de incorporar pruebas que antes, con la limitaci\u00f3n de plazo, podr\u00edan haber quedado fuera. La resoluci\u00f3n eleva la expectativa de la familia y mantiene la causa abierta bajo jurisdicci\u00f3n federal.<\/p>\n<p>Mientras tanto, los defensores de Loan advierten que el seguimiento debe mantenerse constante, dado que \u201ccada d\u00eda puede aparecer una pista\u201d que ayude a esclarecer su destino. La pesa de la incertidumbre permanece, pero con esta decisi\u00f3n judicial se recuper\u00f3 una herramienta clave: el derecho a seguir buscando<\/p>\n<p>diario El Libertador<\/p><\/div>\n<\/div>\n","protected":false},"excerpt":{"rendered":"<p>La C\u00e1mara Federal de Casaci\u00f3n Penal decidi\u00f3 ayer que la causa por la desaparici\u00f3n de Loan Danilo Pe\u00f1a no debe cerrarse ni tener fecha l\u00edmite, y orden\u00f3 reactivar las medidas de b\u00fasqueda. El fallo anul\u00f3 una decisi\u00f3n previa que hab\u00eda establecido un plazo de dos meses para continuar con la instrucci\u00f3n. Los jueces Diego Barroetave\u00f1a, [&hellip;]<\/p>\n","protected":false},"author":2,"featured_media":4409,"comment_status":"open","ping_status":"open","sticky":false,"template":"","format":"standard","meta":{"footnotes":""},"categories":[68],"tags":[],"class_list":{"0":"post-4408","1":"post","2":"type-post","3":"status-publish","4":"format-standard","5":"has-post-thumbnail","7":"category-policiales-nacionales"},"_links":{"self":[{"href":"https:\/\/elpueblonoticia.com.ar\/web\/wp-json\/wp\/v2\/posts\/4408","targetHints":{"allow":["GET"]}}],"collection":[{"href":"https:\/\/elpueblonoticia.com.ar\/web\/wp-json\/wp\/v2\/posts"}],"about":[{"href":"https:\/\/elpueblonoticia.com.ar\/web\/wp-json\/wp\/v2\/types\/post"}],"author":[{"embeddable":true,"href":"https:\/\/elpueblonoticia.com.ar\/web\/wp-json\/wp\/v2\/users\/2"}],"replies":[{"embeddable":true,"href":"https:\/\/elpueblonoticia.com.ar\/web\/wp-json\/wp\/v2\/comments?post=4408"}],"version-history":[{"count":1,"href":"https:\/\/elpueblonoticia.com.ar\/web\/wp-json\/wp\/v2\/posts\/4408\/revisions"}],"predecessor-version":[{"id":4410,"href":"https:\/\/elpueblonoticia.com.ar\/web\/wp-json\/wp\/v2\/posts\/4408\/revisions\/4410"}],"wp:featuredmedia":[{"embeddable":true,"href":"https:\/\/elpueblonoticia.com.ar\/web\/wp-json\/wp\/v2\/media\/4409"}],"wp:attachment":[{"href":"https:\/\/elpueblonoticia.com.ar\/web\/wp-json\/wp\/v2\/media?parent=4408"}],"wp:term":[{"taxonomy":"category","embeddable":true,"href":"https:\/\/elpueblonoticia.com.ar\/web\/wp-json\/wp\/v2\/categories?post=4408"},{"taxonomy":"post_tag","embeddable":true,"href":"https:\/\/elpueblonoticia.com.ar\/web\/wp-json\/wp\/v2\/tags?post=4408"}],"curies":[{"name":"wp","href":"https:\/\/api.w.org\/{rel}","templated":true}]}}