{"id":4404,"date":"2025-11-28T11:21:33","date_gmt":"2025-11-28T14:21:33","guid":{"rendered":"https:\/\/elpueblonoticia.com.ar\/web\/?p=4404"},"modified":"2025-11-28T11:21:33","modified_gmt":"2025-11-28T14:21:33","slug":"la-afa-suspendio-a-los-titulares-de-estudiantes-y-a-juan-sebastian-veron-por-el-desplante-a-rosario-central","status":"publish","type":"post","link":"https:\/\/elpueblonoticia.com.ar\/web\/2025\/11\/28\/la-afa-suspendio-a-los-titulares-de-estudiantes-y-a-juan-sebastian-veron-por-el-desplante-a-rosario-central\/","title":{"rendered":"La AFA suspendi\u00f3 a los titulares de Estudiantes y a Juan Sebasti\u00e1n Ver\u00f3n por el desplante a Rosario Central"},"content":{"rendered":"<div id=\"modalIntrotext\">\n<div>Los futbolistas deber\u00e1n cumplir la sanci\u00f3n en el arranque del pr\u00f3ximo torneo. El Tribunal de Disciplina dio su veredicto de manera oficial y fue dur\u00edsimo contra el Pincha y Juan Sebasti\u00e1n Ver\u00f3n.<\/div>\n<div><\/div>\n<div>Este jueves, luego de una semana llena de pol\u00e9mica, el Tribunal de Disciplina de la AFA dio a conocer la sanci\u00f3n para Estudiantes tras el desplante a Rosario Central en el pasillo del campe\u00f3n. Los 11 futbolistas que participaron recibieron dos fechas de suspensi\u00f3n que deber\u00e1n cumplir en el arranque del pr\u00f3ximo torneo. Tambi\u00e9n fue castigado Juan Sebasti\u00e1n Ver\u00f3n, presidente del Pincha.<\/p>\n<p>Todo comenz\u00f3 tras la decisi\u00f3n de la AFA de proclamar como \u201cCampe\u00f3n de Liga 2025\u201d a Rosario Central por haber terminado como puntero de la tabla anual. Esta determinaci\u00f3n gener\u00f3 much\u00edsima pol\u00e9mica entre los fan\u00e1ticos y tambi\u00e9n entre muchos dirigentes del f\u00fatbol argentino.<\/p>\n<p>Los que se pusieron al frente de esta disputa fueron los fan\u00e1ticos del Pincha y Juan Sebasti\u00e1n Ver\u00f3n. Incluso, el presidente del club de La Plata se hizo cargo de haberles dado la orden a sus jugadores de ponerse espaldas durante el pasillo del camp\u00f3n. Por eso recibi\u00f3 esta dur\u00edsima sanci\u00f3n.<\/p>\n<p>Qu\u00e9 pas\u00f3 con el pasillo del campe\u00f3n de Estudiantes a Rosario Central<\/p>\n<p>El domingo, cuando los equipos salieron a la cancha para disputar el partido por los octavos de final del Torneo Clausura, la actitud del plantel del Pincha sorprendi\u00f3 a todos en el Gigante de Arroyito.<\/p>\n<p>Aunque inicialmente los jugadores de Estudiantes se formaron como para hacer el pasillo, una vez que los de Rosario Central empezaron a pasar se dieron vuelta y les mostraron la espalda.<\/p>\n<p>El desplante de Estudiantes a Rosario Central ene durante el pasillo del campe\u00f3n<\/p><\/div>\n<\/div>\n","protected":false},"excerpt":{"rendered":"<p>Los futbolistas deber\u00e1n cumplir la sanci\u00f3n en el arranque del pr\u00f3ximo torneo. El Tribunal de Disciplina dio su veredicto de manera oficial y fue dur\u00edsimo contra el Pincha y Juan Sebasti\u00e1n Ver\u00f3n. Este jueves, luego de una semana llena de pol\u00e9mica, el Tribunal de Disciplina de la AFA dio a conocer la sanci\u00f3n para Estudiantes [&hellip;]<\/p>\n","protected":false},"author":2,"featured_media":4405,"comment_status":"open","ping_status":"open","sticky":false,"template":"","format":"standard","meta":{"footnotes":""},"categories":[76],"tags":[],"class_list":{"0":"post-4404","1":"post","2":"type-post","3":"status-publish","4":"format-standard","5":"has-post-thumbnail","7":"category-deportes"},"_links":{"self":[{"href":"https:\/\/elpueblonoticia.com.ar\/web\/wp-json\/wp\/v2\/posts\/4404","targetHints":{"allow":["GET"]}}],"collection":[{"href":"https:\/\/elpueblonoticia.com.ar\/web\/wp-json\/wp\/v2\/posts"}],"about":[{"href":"https:\/\/elpueblonoticia.com.ar\/web\/wp-json\/wp\/v2\/types\/post"}],"author":[{"embeddable":true,"href":"https:\/\/elpueblonoticia.com.ar\/web\/wp-json\/wp\/v2\/users\/2"}],"replies":[{"embeddable":true,"href":"https:\/\/elpueblonoticia.com.ar\/web\/wp-json\/wp\/v2\/comments?post=4404"}],"version-history":[{"count":1,"href":"https:\/\/elpueblonoticia.com.ar\/web\/wp-json\/wp\/v2\/posts\/4404\/revisions"}],"predecessor-version":[{"id":4406,"href":"https:\/\/elpueblonoticia.com.ar\/web\/wp-json\/wp\/v2\/posts\/4404\/revisions\/4406"}],"wp:featuredmedia":[{"embeddable":true,"href":"https:\/\/elpueblonoticia.com.ar\/web\/wp-json\/wp\/v2\/media\/4405"}],"wp:attachment":[{"href":"https:\/\/elpueblonoticia.com.ar\/web\/wp-json\/wp\/v2\/media?parent=4404"}],"wp:term":[{"taxonomy":"category","embeddable":true,"href":"https:\/\/elpueblonoticia.com.ar\/web\/wp-json\/wp\/v2\/categories?post=4404"},{"taxonomy":"post_tag","embeddable":true,"href":"https:\/\/elpueblonoticia.com.ar\/web\/wp-json\/wp\/v2\/tags?post=4404"}],"curies":[{"name":"wp","href":"https:\/\/api.w.org\/{rel}","templated":true}]}}