{"id":4393,"date":"2025-11-28T10:34:16","date_gmt":"2025-11-28T13:34:16","guid":{"rendered":"https:\/\/elpueblonoticia.com.ar\/web\/?p=4393"},"modified":"2025-11-28T10:34:16","modified_gmt":"2025-11-28T13:34:16","slug":"el-primer-mandatario-de-goya-anuncio-mas-inspectores-nuevas-unidades-moviles-y-un-fuerte-llamado-a-la-responsabilidad-vial","status":"publish","type":"post","link":"https:\/\/elpueblonoticia.com.ar\/web\/2025\/11\/28\/el-primer-mandatario-de-goya-anuncio-mas-inspectores-nuevas-unidades-moviles-y-un-fuerte-llamado-a-la-responsabilidad-vial\/","title":{"rendered":"EL PRIMER MANDATARIO DE GOYA ANUNCI\u00d3 M\u00c1S INSPECTORES, NUEVAS UNIDADES M\u00d3VILES Y UN FUERTE LLAMADO A LA RESPONSABILIDAD VIAL"},"content":{"rendered":"<p><img loading=\"lazy\" decoding=\"async\" class=\"alignnone size-medium wp-image-4395\" src=\"https:\/\/elpueblonoticia.com.ar\/web\/wp-content\/uploads\/2025\/11\/informe-gestion-transito-3-300x169.jpeg\" alt=\"\" width=\"300\" height=\"169\" srcset=\"https:\/\/elpueblonoticia.com.ar\/web\/wp-content\/uploads\/2025\/11\/informe-gestion-transito-3-300x169.jpeg 300w, https:\/\/elpueblonoticia.com.ar\/web\/wp-content\/uploads\/2025\/11\/informe-gestion-transito-3-1024x576.jpeg 1024w, https:\/\/elpueblonoticia.com.ar\/web\/wp-content\/uploads\/2025\/11\/informe-gestion-transito-3-768x432.jpeg 768w, https:\/\/elpueblonoticia.com.ar\/web\/wp-content\/uploads\/2025\/11\/informe-gestion-transito-3-1536x864.jpeg 1536w, https:\/\/elpueblonoticia.com.ar\/web\/wp-content\/uploads\/2025\/11\/informe-gestion-transito-3-747x420.jpeg 747w, https:\/\/elpueblonoticia.com.ar\/web\/wp-content\/uploads\/2025\/11\/informe-gestion-transito-3-696x391.jpeg 696w, https:\/\/elpueblonoticia.com.ar\/web\/wp-content\/uploads\/2025\/11\/informe-gestion-transito-3-1068x600.jpeg 1068w, https:\/\/elpueblonoticia.com.ar\/web\/wp-content\/uploads\/2025\/11\/informe-gestion-transito-3.jpeg 1599w\" sizes=\"auto, (max-width: 300px) 100vw, 300px\" \/><img loading=\"lazy\" decoding=\"async\" class=\"alignnone size-medium wp-image-4396\" src=\"https:\/\/elpueblonoticia.com.ar\/web\/wp-content\/uploads\/2025\/11\/informe-gestion-transito-1-300x199.jpeg\" alt=\"\" width=\"300\" height=\"199\" srcset=\"https:\/\/elpueblonoticia.com.ar\/web\/wp-content\/uploads\/2025\/11\/informe-gestion-transito-1-300x199.jpeg 300w, https:\/\/elpueblonoticia.com.ar\/web\/wp-content\/uploads\/2025\/11\/informe-gestion-transito-1-1024x678.jpeg 1024w, https:\/\/elpueblonoticia.com.ar\/web\/wp-content\/uploads\/2025\/11\/informe-gestion-transito-1-768x509.jpeg 768w, https:\/\/elpueblonoticia.com.ar\/web\/wp-content\/uploads\/2025\/11\/informe-gestion-transito-1-1536x1017.jpeg 1536w, https:\/\/elpueblonoticia.com.ar\/web\/wp-content\/uploads\/2025\/11\/informe-gestion-transito-1-634x420.jpeg 634w, https:\/\/elpueblonoticia.com.ar\/web\/wp-content\/uploads\/2025\/11\/informe-gestion-transito-1-696x461.jpeg 696w, https:\/\/elpueblonoticia.com.ar\/web\/wp-content\/uploads\/2025\/11\/informe-gestion-transito-1-1068x707.jpeg 1068w, https:\/\/elpueblonoticia.com.ar\/web\/wp-content\/uploads\/2025\/11\/informe-gestion-transito-1.jpeg 2048w\" sizes=\"auto, (max-width: 300px) 100vw, 300px\" \/><\/p>\n<p class=\"x_MsoNormal\"><span lang=\"ES\" data-olk-copy-source=\"MessageBody\">En su informe de gesti\u00f3n, el intendente Mariano Hormaechea destac\u00f3 la profesionalizaci\u00f3n del \u00e1rea de Tr\u00e1nsito, la incorporaci\u00f3n del 40% m\u00e1s de inspectores mediante concurso abierto y la adquisici\u00f3n de nuevas unidades m\u00f3viles. Subray\u00f3 la importancia de la educaci\u00f3n vial y convoc\u00f3 a toda la comunidad a asumir un compromiso solidario y responsable para mejorar la seguridad y el ordenamiento en la ciudad.<\/span><\/p>\n<p class=\"x_MsoNormal\"><span lang=\"ES\">Mariano Hormaechea abri\u00f3 su an\u00e1lisis se\u00f1alando que \u201cestamos trabajando fuerte en ese sentido, profesionalizando el \u00e1rea\u201d, una definici\u00f3n que marca el rumbo de las acciones desplegadas durante los \u00faltimos meses.<\/span><\/p>\n<p class=\"x_MsoNormal\"><span lang=\"ES\">El intendente destac\u00f3 la importancia de involucrar a los j\u00f3venes en las discusiones sobre seguridad vial: \u201cLos j\u00f3venes tuvieron voz con el Parlamento Juvenil y el espacio del Goya Rock, cultura joven y campa\u00f1as de prevenci\u00f3n del uso del casco, una problem\u00e1tica que venimos padeciendo los goyanos hace bastante tiempo.\u201d<\/span><\/p>\n<p class=\"x_MsoNormal\"><span lang=\"ES\">Una de las medidas m\u00e1s relevantes fue el fortalecimiento del cuerpo de inspectores de tr\u00e1nsito. Hormaechea explic\u00f3 que \u201chemos decidido y se han incorporado un 40% m\u00e1s de inspectores que hicimos en una convocatoria abierta a un concurso para que aquellos aspirantes puedan anotarse, puedan rendir y a los que tuvieron mejores promedios sumarlos al equipo de inspectores que est\u00e1n trabajando.\u201d<\/span><\/p>\n<p class=\"x_MsoNormal\"><span lang=\"ES\">Asegur\u00f3 que este proceso, basado en la transparencia y el m\u00e9rito, permiti\u00f3 consolidar un equipo m\u00e1s preparado y eficiente. Reiter\u00f3 adem\u00e1s que \u201cestamos trabajando fuerte profesionalizando el \u00e1rea incorporamos un 40% m\u00e1s de inspectores con un concurso abierto para que rindan examen, a trav\u00e9s de meritar con esa prueba sumarse al cuerpo de inspectores que cuenta la Municipalidad.\u201d<\/span><\/p>\n<p class=\"x_MsoNormal\"><span lang=\"ES\">NUEVAS UNIDADES M\u00d3VILES Y M\u00c1S EDUCACI\u00d3N VIAL<\/span><\/p>\n<p class=\"x_MsoNormal\"><span lang=\"ES\">El intendente destac\u00f3 tambi\u00e9n la inversi\u00f3n en equipamiento destinado a reforzar las tareas de control y asistencia en la v\u00eda p\u00fablica: \u201cHemos decidido la adquisici\u00f3n de nuevas unidades m\u00f3viles, para optimizar el servicio: 10 motos, 2 veh\u00edculos utilitarios, un hidroelevador para la reparaci\u00f3n de sem\u00e1foros, acompa\u00f1ado de una fuerte apuesta a la educaci\u00f3n con campa\u00f1as de educaci\u00f3n y seguridad vial en los establecimientos escolares, en la v\u00eda p\u00fablica.\u201d<\/span><\/p>\n<p class=\"x_MsoNormal\"><span lang=\"ES\">El jefe comunal remarc\u00f3 que la problem\u00e1tica del tr\u00e1nsito debe abordarse desde una perspectiva colectiva, se\u00f1alando que afecta a todos los goyanos: \u201cTenemos todos el gran desaf\u00edo con el tema del tr\u00e1nsito, algo que padecemos todos los ciudadanos, por eso debemos tener una mirada amplia, solidaria, responsable, es un problema de todos, no solo de la Municipalidad.\u201d<\/span><\/p>\n<p class=\"x_MsoNormal\"><span lang=\"ES\">Subray\u00f3 que, si bien el municipio puede continuar tomando decisiones e invirtiendo, el impacto real s\u00f3lo ser\u00e1 posible con un cambio cultural: \u201cNosotros podemos seguir tomando decisiones, haciendo inversiones, pero si verdaderamente todos los goyanos, las familias, las asociaciones, las fundaciones, las diferentes instituciones de la sociedad civil, todos los actores sociales, no tomamos conciencia, no cumplimos en definitiva las normas de tr\u00e1nsito, es un problema que seguiremos padeciendo.\u201d<\/span><\/p>\n<p class=\"x_MsoNormal\"><span lang=\"ES\">Por ello, hizo un llamado directo a la comunidad: \u201cLos convoco a todos a ser responsables, solidarios, para trabajar juntos en materia del ordenamiento del tr\u00e1nsito en la ciudad.\u201d<\/span><\/p>\n<p class=\"x_MsoNormal\"><span lang=\"ES\">Y reiter\u00f3 con firmeza su mensaje final: \u201cLos convoco a todos a ser responsables, solidarios, para trabajar juntos en este sentido.\u201d<\/span><\/p>\n","protected":false},"excerpt":{"rendered":"<p>En su informe de gesti\u00f3n, el intendente Mariano Hormaechea destac\u00f3 la profesionalizaci\u00f3n del \u00e1rea de Tr\u00e1nsito, la incorporaci\u00f3n del 40% m\u00e1s de inspectores mediante concurso abierto y la adquisici\u00f3n de nuevas unidades m\u00f3viles. Subray\u00f3 la importancia de la educaci\u00f3n vial y convoc\u00f3 a toda la comunidad a asumir un compromiso solidario y responsable para mejorar [&hellip;]<\/p>\n","protected":false},"author":2,"featured_media":4394,"comment_status":"open","ping_status":"open","sticky":false,"template":"","format":"standard","meta":{"footnotes":""},"categories":[56],"tags":[],"class_list":{"0":"post-4393","1":"post","2":"type-post","3":"status-publish","4":"format-standard","5":"has-post-thumbnail","7":"category-locales"},"_links":{"self":[{"href":"https:\/\/elpueblonoticia.com.ar\/web\/wp-json\/wp\/v2\/posts\/4393","targetHints":{"allow":["GET"]}}],"collection":[{"href":"https:\/\/elpueblonoticia.com.ar\/web\/wp-json\/wp\/v2\/posts"}],"about":[{"href":"https:\/\/elpueblonoticia.com.ar\/web\/wp-json\/wp\/v2\/types\/post"}],"author":[{"embeddable":true,"href":"https:\/\/elpueblonoticia.com.ar\/web\/wp-json\/wp\/v2\/users\/2"}],"replies":[{"embeddable":true,"href":"https:\/\/elpueblonoticia.com.ar\/web\/wp-json\/wp\/v2\/comments?post=4393"}],"version-history":[{"count":1,"href":"https:\/\/elpueblonoticia.com.ar\/web\/wp-json\/wp\/v2\/posts\/4393\/revisions"}],"predecessor-version":[{"id":4397,"href":"https:\/\/elpueblonoticia.com.ar\/web\/wp-json\/wp\/v2\/posts\/4393\/revisions\/4397"}],"wp:featuredmedia":[{"embeddable":true,"href":"https:\/\/elpueblonoticia.com.ar\/web\/wp-json\/wp\/v2\/media\/4394"}],"wp:attachment":[{"href":"https:\/\/elpueblonoticia.com.ar\/web\/wp-json\/wp\/v2\/media?parent=4393"}],"wp:term":[{"taxonomy":"category","embeddable":true,"href":"https:\/\/elpueblonoticia.com.ar\/web\/wp-json\/wp\/v2\/categories?post=4393"},{"taxonomy":"post_tag","embeddable":true,"href":"https:\/\/elpueblonoticia.com.ar\/web\/wp-json\/wp\/v2\/tags?post=4393"}],"curies":[{"name":"wp","href":"https:\/\/api.w.org\/{rel}","templated":true}]}}