{"id":4388,"date":"2025-11-28T10:27:48","date_gmt":"2025-11-28T13:27:48","guid":{"rendered":"https:\/\/elpueblonoticia.com.ar\/web\/?p=4388"},"modified":"2025-11-28T10:27:48","modified_gmt":"2025-11-28T13:27:48","slug":"cierre-anual-de-zumba-en-jubipen","status":"publish","type":"post","link":"https:\/\/elpueblonoticia.com.ar\/web\/2025\/11\/28\/cierre-anual-de-zumba-en-jubipen\/","title":{"rendered":"CIERRE ANUAL DE ZUMBA EN JUBIPEN"},"content":{"rendered":"<p data-olk-copy-source=\"MessageBody\"><img loading=\"lazy\" decoding=\"async\" class=\"alignnone size-medium wp-image-4390\" src=\"https:\/\/elpueblonoticia.com.ar\/web\/wp-content\/uploads\/2025\/11\/ZUMBA-ADULTOS-MAYORS-EN-EL-JUBIPEN-1-135x300.jpg\" alt=\"\" width=\"135\" height=\"300\" srcset=\"https:\/\/elpueblonoticia.com.ar\/web\/wp-content\/uploads\/2025\/11\/ZUMBA-ADULTOS-MAYORS-EN-EL-JUBIPEN-1-135x300.jpg 135w, https:\/\/elpueblonoticia.com.ar\/web\/wp-content\/uploads\/2025\/11\/ZUMBA-ADULTOS-MAYORS-EN-EL-JUBIPEN-1-461x1024.jpg 461w, https:\/\/elpueblonoticia.com.ar\/web\/wp-content\/uploads\/2025\/11\/ZUMBA-ADULTOS-MAYORS-EN-EL-JUBIPEN-1-691x1536.jpg 691w, https:\/\/elpueblonoticia.com.ar\/web\/wp-content\/uploads\/2025\/11\/ZUMBA-ADULTOS-MAYORS-EN-EL-JUBIPEN-1-189x420.jpg 189w, https:\/\/elpueblonoticia.com.ar\/web\/wp-content\/uploads\/2025\/11\/ZUMBA-ADULTOS-MAYORS-EN-EL-JUBIPEN-1-696x1547.jpg 696w, https:\/\/elpueblonoticia.com.ar\/web\/wp-content\/uploads\/2025\/11\/ZUMBA-ADULTOS-MAYORS-EN-EL-JUBIPEN-1.jpg 720w\" sizes=\"auto, (max-width: 135px) 100vw, 135px\" \/><\/p>\n<p class=\"x_MsoNormal\" data-olk-copy-source=\"MessageBody\">Dentro del programa de acompa\u00f1amiento a los adultos mayores, la Direcci\u00f3n de Fortalecimiento Familiar, dependiente de la Secretar\u00eda de Desarrollo Humano, finaliz\u00f3 las actividades de Zumba en el Centro de Jubilados y Pensionados Nacionales JUBIPEN.<\/p>\n<p class=\"x_MsoNormal\" aria-hidden=\"true\">\n<p class=\"x_MsoNormal\">El cierre del programa recreativo y aer\u00f3bico se desarroll\u00f3 en la tarde del jueves en las dependencias del centro de jubilados nacionales, donde se entregaron reconocimientos a las personas adultas mayores que asistieron durante toda la temporada, compartiendo un hermoso momento de encuentro, alegr\u00eda y risas en comunidad.<\/p>\n<p class=\"x_MsoNormal\">Del cierre de las clases de Zumba acompa\u00f1aron el Secretario de Desarrollo Humano Julio Canteros; La Directora de Fortalecimiento Familiar Sylvina Ramirez, la profesora de Zumba Maira Gauna; el Vicepresidente del Centro de Jubilados H\u00e9ctor Meza junto a otros miembros de la comisi\u00f3n directiva.<\/p>\n<p class=\"x_MsoNormal\" data-olk-copy-source=\"MessageBody\">Dentro del programa de acompa\u00f1amiento a los adultos mayores, la Direcci\u00f3n de Fortalecimiento Familiar, dependiente de la Secretar\u00eda de Desarrollo Humano, finaliz\u00f3 las actividades de Zumba en el Centro de Jubilados y Pensionados Nacionales JUBIPEN.<\/p>\n<p class=\"x_MsoNormal\" aria-hidden=\"true\">\n<p class=\"x_MsoNormal\">El cierre del programa recreativo y aer\u00f3bico se desarroll\u00f3 en la tarde del jueves en las dependencias del centro de jubilados nacionales, donde se entregaron reconocimientos a las personas adultas mayores que asistieron durante toda la temporada, compartiendo un hermoso momento de encuentro, alegr\u00eda y risas en comunidad.<\/p>\n<p class=\"x_MsoNormal\">Del cierre de las clases de Zumba acompa\u00f1aron el Secretario de Desarrollo Humano Julio Canteros; La Directora de Fortalecimiento Familiar Sylvina Ramirez, la profesora de Zumba Maira Gauna; el Vicepresidente del Centro de Jubilados H\u00e9ctor Meza junto a otros miembros de la comisi\u00f3n directiva.<\/p>\n","protected":false},"excerpt":{"rendered":"<p>Dentro del programa de acompa\u00f1amiento a los adultos mayores, la Direcci\u00f3n de Fortalecimiento Familiar, dependiente de la Secretar\u00eda de Desarrollo Humano, finaliz\u00f3 las actividades de Zumba en el Centro de Jubilados y Pensionados Nacionales JUBIPEN. El cierre del programa recreativo y aer\u00f3bico se desarroll\u00f3 en la tarde del jueves en las dependencias del centro de [&hellip;]<\/p>\n","protected":false},"author":2,"featured_media":4389,"comment_status":"open","ping_status":"open","sticky":false,"template":"","format":"standard","meta":{"footnotes":""},"categories":[56],"tags":[],"class_list":{"0":"post-4388","1":"post","2":"type-post","3":"status-publish","4":"format-standard","5":"has-post-thumbnail","7":"category-locales"},"_links":{"self":[{"href":"https:\/\/elpueblonoticia.com.ar\/web\/wp-json\/wp\/v2\/posts\/4388","targetHints":{"allow":["GET"]}}],"collection":[{"href":"https:\/\/elpueblonoticia.com.ar\/web\/wp-json\/wp\/v2\/posts"}],"about":[{"href":"https:\/\/elpueblonoticia.com.ar\/web\/wp-json\/wp\/v2\/types\/post"}],"author":[{"embeddable":true,"href":"https:\/\/elpueblonoticia.com.ar\/web\/wp-json\/wp\/v2\/users\/2"}],"replies":[{"embeddable":true,"href":"https:\/\/elpueblonoticia.com.ar\/web\/wp-json\/wp\/v2\/comments?post=4388"}],"version-history":[{"count":1,"href":"https:\/\/elpueblonoticia.com.ar\/web\/wp-json\/wp\/v2\/posts\/4388\/revisions"}],"predecessor-version":[{"id":4391,"href":"https:\/\/elpueblonoticia.com.ar\/web\/wp-json\/wp\/v2\/posts\/4388\/revisions\/4391"}],"wp:featuredmedia":[{"embeddable":true,"href":"https:\/\/elpueblonoticia.com.ar\/web\/wp-json\/wp\/v2\/media\/4389"}],"wp:attachment":[{"href":"https:\/\/elpueblonoticia.com.ar\/web\/wp-json\/wp\/v2\/media?parent=4388"}],"wp:term":[{"taxonomy":"category","embeddable":true,"href":"https:\/\/elpueblonoticia.com.ar\/web\/wp-json\/wp\/v2\/categories?post=4388"},{"taxonomy":"post_tag","embeddable":true,"href":"https:\/\/elpueblonoticia.com.ar\/web\/wp-json\/wp\/v2\/tags?post=4388"}],"curies":[{"name":"wp","href":"https:\/\/api.w.org\/{rel}","templated":true}]}}