{"id":4382,"date":"2025-11-28T10:21:32","date_gmt":"2025-11-28T13:21:32","guid":{"rendered":"https:\/\/elpueblonoticia.com.ar\/web\/?p=4382"},"modified":"2025-11-28T10:21:32","modified_gmt":"2025-11-28T13:21:32","slug":"acto-entrega-de-la-bandera-de-la-libertad-civil-a-la-provincia-del-corrientes","status":"publish","type":"post","link":"https:\/\/elpueblonoticia.com.ar\/web\/2025\/11\/28\/acto-entrega-de-la-bandera-de-la-libertad-civil-a-la-provincia-del-corrientes\/","title":{"rendered":"ACTO ENTREGA DE LA BANDERA DE LA LIBERTAD CIVIL A LA PROVINCIA DEL CORRIENTES"},"content":{"rendered":"<p data-olk-copy-source=\"MessageBody\"><img loading=\"lazy\" decoding=\"async\" class=\"alignnone  wp-image-4385\" src=\"https:\/\/elpueblonoticia.com.ar\/web\/wp-content\/uploads\/2025\/11\/FotoJet-27-300x227.jpg\" alt=\"\" width=\"781\" height=\"591\" srcset=\"https:\/\/elpueblonoticia.com.ar\/web\/wp-content\/uploads\/2025\/11\/FotoJet-27-300x227.jpg 300w, https:\/\/elpueblonoticia.com.ar\/web\/wp-content\/uploads\/2025\/11\/FotoJet-27-1024x776.jpg 1024w, https:\/\/elpueblonoticia.com.ar\/web\/wp-content\/uploads\/2025\/11\/FotoJet-27-768x582.jpg 768w, https:\/\/elpueblonoticia.com.ar\/web\/wp-content\/uploads\/2025\/11\/FotoJet-27-1536x1164.jpg 1536w, https:\/\/elpueblonoticia.com.ar\/web\/wp-content\/uploads\/2025\/11\/FotoJet-27-2048x1553.jpg 2048w, https:\/\/elpueblonoticia.com.ar\/web\/wp-content\/uploads\/2025\/11\/FotoJet-27-554x420.jpg 554w, https:\/\/elpueblonoticia.com.ar\/web\/wp-content\/uploads\/2025\/11\/FotoJet-27-80x60.jpg 80w, https:\/\/elpueblonoticia.com.ar\/web\/wp-content\/uploads\/2025\/11\/FotoJet-27-696x528.jpg 696w, https:\/\/elpueblonoticia.com.ar\/web\/wp-content\/uploads\/2025\/11\/FotoJet-27-1068x810.jpg 1068w\" sizes=\"auto, (max-width: 781px) 100vw, 781px\" \/><\/p>\n<p class=\"x_MsoNormal\" data-olk-copy-source=\"MessageBody\">El presidente del Instituto Belgraniano de la Rep\u00fablica Argentina Lic. Manuel Belgrano, hizo entrega de ese s\u00edmbolo patrio y de una medalla al m\u00e9rito destinada al Gobernador de la Provincia de Corrientes en reconocimiento a sus 8 a\u00f1os de labor en pro de la historia y la cultura.<\/p>\n<p class=\"x_MsoNormal\" aria-hidden=\"true\">\n<p class=\"x_MsoNormal\">La Asociaci\u00f3n Belgraniana Goya junto al Director de Cultura Manuel Zampar participaron del acto realizado en la Capital Correntina<\/p>\n<p class=\"x_MsoNormal\" aria-hidden=\"true\">\n<p class=\"x_MsoNormal\">La delegaci\u00f3n goyana estuvo integrada por el Director de Cultura Manuel Zampar, por la Asociaci\u00f3n Belgraniana Marisa Laura B\u00e1ez; Virginia Coria; Lilia Urquijo, Andrea Vilas y Hugo Soto Cabrera.<\/p>\n<p class=\"x_MsoNormal\">Con el esp\u00edritu Belgraniano los goyanos adem\u00e1s del acto formal en el Sal\u00f3n Amarillo de Casa Gobierno recorrieron distintos lugares que hacen memoria y menci\u00f3n por el paso de Belgrano por la provincia de Corrientes.<\/p>\n<p class=\"x_MsoNormal\" aria-hidden=\"true\">\n<p class=\"x_MsoNormal\">Los integrantes de la delegaci\u00f3n cultural, de nuestra ciudad manifestaron la alegr\u00eda de haber sido invitados para participar del acto de referencia, junto a las asociaciones Belgraniana de distintas localidades correntinas, describiendo como \u201cuna excelente jornada Belgraniana.\u201d<\/p>\n","protected":false},"excerpt":{"rendered":"<p>El presidente del Instituto Belgraniano de la Rep\u00fablica Argentina Lic. Manuel Belgrano, hizo entrega de ese s\u00edmbolo patrio y de una medalla al m\u00e9rito destinada al Gobernador de la Provincia de Corrientes en reconocimiento a sus 8 a\u00f1os de labor en pro de la historia y la cultura. La Asociaci\u00f3n Belgraniana Goya junto al Director [&hellip;]<\/p>\n","protected":false},"author":2,"featured_media":4384,"comment_status":"open","ping_status":"open","sticky":false,"template":"","format":"standard","meta":{"footnotes":""},"categories":[79],"tags":[],"class_list":{"0":"post-4382","1":"post","2":"type-post","3":"status-publish","4":"format-standard","5":"has-post-thumbnail","7":"category-corrientes"},"_links":{"self":[{"href":"https:\/\/elpueblonoticia.com.ar\/web\/wp-json\/wp\/v2\/posts\/4382","targetHints":{"allow":["GET"]}}],"collection":[{"href":"https:\/\/elpueblonoticia.com.ar\/web\/wp-json\/wp\/v2\/posts"}],"about":[{"href":"https:\/\/elpueblonoticia.com.ar\/web\/wp-json\/wp\/v2\/types\/post"}],"author":[{"embeddable":true,"href":"https:\/\/elpueblonoticia.com.ar\/web\/wp-json\/wp\/v2\/users\/2"}],"replies":[{"embeddable":true,"href":"https:\/\/elpueblonoticia.com.ar\/web\/wp-json\/wp\/v2\/comments?post=4382"}],"version-history":[{"count":1,"href":"https:\/\/elpueblonoticia.com.ar\/web\/wp-json\/wp\/v2\/posts\/4382\/revisions"}],"predecessor-version":[{"id":4386,"href":"https:\/\/elpueblonoticia.com.ar\/web\/wp-json\/wp\/v2\/posts\/4382\/revisions\/4386"}],"wp:featuredmedia":[{"embeddable":true,"href":"https:\/\/elpueblonoticia.com.ar\/web\/wp-json\/wp\/v2\/media\/4384"}],"wp:attachment":[{"href":"https:\/\/elpueblonoticia.com.ar\/web\/wp-json\/wp\/v2\/media?parent=4382"}],"wp:term":[{"taxonomy":"category","embeddable":true,"href":"https:\/\/elpueblonoticia.com.ar\/web\/wp-json\/wp\/v2\/categories?post=4382"},{"taxonomy":"post_tag","embeddable":true,"href":"https:\/\/elpueblonoticia.com.ar\/web\/wp-json\/wp\/v2\/tags?post=4382"}],"curies":[{"name":"wp","href":"https:\/\/api.w.org\/{rel}","templated":true}]}}