{"id":4351,"date":"2025-11-28T09:37:31","date_gmt":"2025-11-28T12:37:31","guid":{"rendered":"https:\/\/elpueblonoticia.com.ar\/web\/?p=4351"},"modified":"2025-11-28T09:37:31","modified_gmt":"2025-11-28T12:37:31","slug":"salud-publica-hormaechea-pondero-la-inauguracion-del-hospital-pediatrico-el-fortalecimiento-del-aps-y-el-avance-en-salud-mental","status":"publish","type":"post","link":"https:\/\/elpueblonoticia.com.ar\/web\/2025\/11\/28\/salud-publica-hormaechea-pondero-la-inauguracion-del-hospital-pediatrico-el-fortalecimiento-del-aps-y-el-avance-en-salud-mental\/","title":{"rendered":"SALUD P\u00daBLICA: HORMAECHEA PONDER\u00d3 LA INAUGURACI\u00d3N DEL HOSPITAL PEDI\u00c1TRICO, EL FORTALECIMIENTO DEL APS Y EL AVANCE EN SALUD MENTAL"},"content":{"rendered":"<p data-olk-copy-source=\"MessageBody\"><img loading=\"lazy\" decoding=\"async\" class=\"alignnone  wp-image-4353\" src=\"https:\/\/elpueblonoticia.com.ar\/web\/wp-content\/uploads\/2025\/11\/salud-mental-informe-gestion-1-300x200.jpeg\" alt=\"\" width=\"803\" height=\"535\" srcset=\"https:\/\/elpueblonoticia.com.ar\/web\/wp-content\/uploads\/2025\/11\/salud-mental-informe-gestion-1-300x200.jpeg 300w, https:\/\/elpueblonoticia.com.ar\/web\/wp-content\/uploads\/2025\/11\/salud-mental-informe-gestion-1-1024x683.jpeg 1024w, https:\/\/elpueblonoticia.com.ar\/web\/wp-content\/uploads\/2025\/11\/salud-mental-informe-gestion-1-768x512.jpeg 768w, https:\/\/elpueblonoticia.com.ar\/web\/wp-content\/uploads\/2025\/11\/salud-mental-informe-gestion-1-1536x1024.jpeg 1536w, https:\/\/elpueblonoticia.com.ar\/web\/wp-content\/uploads\/2025\/11\/salud-mental-informe-gestion-1-630x420.jpeg 630w, https:\/\/elpueblonoticia.com.ar\/web\/wp-content\/uploads\/2025\/11\/salud-mental-informe-gestion-1-696x464.jpeg 696w, https:\/\/elpueblonoticia.com.ar\/web\/wp-content\/uploads\/2025\/11\/salud-mental-informe-gestion-1-1068x712.jpeg 1068w, https:\/\/elpueblonoticia.com.ar\/web\/wp-content\/uploads\/2025\/11\/salud-mental-informe-gestion-1.jpeg 1599w\" sizes=\"auto, (max-width: 803px) 100vw, 803px\" \/><\/p>\n<p class=\"x_MsoNormal\" data-olk-copy-source=\"MessageBody\">En un tramo central de su informe de gesti\u00f3n, el intendente Mariano Hormaechea destac\u00f3 el profundo avance alcanzado en materia de salud p\u00fablica, un \u00e1rea que \u2014seg\u00fan subray\u00f3\u2014 constituye uno de los pilares del desarrollo humano en la ciudad. En primer lugar, celebr\u00f3 una de las obras m\u00e1s significativas logradas junto al Gobierno de la Provincia: \u201cHemos podido concretar junto al Gobierno de la Provincia una obra tambi\u00e9n important\u00edsima para la ciudad, que fue el Hospital Pedi\u00e1trico \u201c\u00c1ngel de la Guarda\u201d. Con eso evitamos las derivaciones y hay una atenci\u00f3n personalizada para los menores\u201d, afirm\u00f3.<\/p>\n<p class=\"x_MsoNormal\">El jefe comunal remarc\u00f3 adem\u00e1s el fortalecimiento del sistema sanitario municipal: \u201cFortalecimos la salud p\u00fablica con siete salas de atenci\u00f3n primaria, realizamos operativos m\u00e9dicos asistenciales en todos los parajes rurales\u201d, detall\u00f3, resaltando la presencia territorial del equipo de salud.<\/p>\n<p class=\"x_MsoNormal\">SALUD MENTAL<\/p>\n<p class=\"x_MsoNormal\">Uno de los puntos m\u00e1s insistidos por el intendente fue el avance logrado en pol\u00edticas de salud mental, un \u00e1rea que demandaba respuestas urgentes. Hormaechea explic\u00f3: \u201cCreamos el Centro de D\u00eda Enrique \u201cPich\u00f3n\u201d Riviere, con m\u00e1s espacio de contenci\u00f3n y acompa\u00f1amiento a personas con problem\u00e1tica de Salud Mental. Creamos la mesa interdisciplinaria de Salud Mental con el objetivo de contenci\u00f3n y prevenci\u00f3n\u201d.<\/p>\n<p class=\"x_MsoNormal\">El mandatario agreg\u00f3 que este logro surge de un esfuerzo conjunto sostenido en el tiempo: \u201cTenemos profesionales de salud mental en todas las \u00e1reas. Este punto que acabo de remarcar, que inclusive hoy lo estuvimos trabajando, es un desaf\u00edo que se viene intentando hace much\u00edsimo tiempo. En este \u00faltimo tiempo cabe reconocer que por iniciativa del obispo de la ciudad se pudo conformar esa mesa\u201d.<\/p>\n<p class=\"x_MsoNormal\">Durante la \u00faltima reuni\u00f3n, explic\u00f3, se avanz\u00f3 en un paso clave: la conformaci\u00f3n de una Sala de Situaci\u00f3n Mental, destinada a georreferenciar la problem\u00e1tica y contar con datos precisos para la intervenci\u00f3n.<\/p>\n<p class=\"x_MsoNormal\">El intendente acentu\u00f3 este trabajo como una responsabilidad colectiva: \u201cPudimos presentarnos desde las distintas \u00e1reas municipales, mostrar a los distintos sectores las diferentes acciones que llevamos adelante a trav\u00e9s de los diferentes servicios. Es un desaf\u00edo para los goyanos y sobre todo para los que tenemos mayores responsabilidades, seguir fortaleciendo esa mesa, porque es una problem\u00e1tica que nos atraviesa a todos y de la que todos tenemos que ocuparnos desde el lugar que nos toca\u201d, asever\u00f3.<\/p>\n<p class=\"x_MsoNormal\">DISPOSITIVOS TERRITORIALES<\/p>\n<p class=\"x_MsoNormal\">Para cerrar este cap\u00edtulo, Hormaechea remarc\u00f3 el acompa\u00f1amiento a sectores vulnerables, especialmente j\u00f3venes: \u201cTambi\u00e9n consolidamos los dispositivos territoriales comunitarios para j\u00f3venes en riesgo y seguimos presentes donde m\u00e1s se necesita\u201d, expres\u00f3.<\/p>\n<p class=\"x_MsoNormal\" aria-hidden=\"true\">\n","protected":false},"excerpt":{"rendered":"<p>En un tramo central de su informe de gesti\u00f3n, el intendente Mariano Hormaechea destac\u00f3 el profundo avance alcanzado en materia de salud p\u00fablica, un \u00e1rea que \u2014seg\u00fan subray\u00f3\u2014 constituye uno de los pilares del desarrollo humano en la ciudad. En primer lugar, celebr\u00f3 una de las obras m\u00e1s significativas logradas junto al Gobierno de la [&hellip;]<\/p>\n","protected":false},"author":2,"featured_media":4352,"comment_status":"open","ping_status":"open","sticky":false,"template":"","format":"standard","meta":{"footnotes":""},"categories":[56],"tags":[],"class_list":{"0":"post-4351","1":"post","2":"type-post","3":"status-publish","4":"format-standard","5":"has-post-thumbnail","7":"category-locales"},"_links":{"self":[{"href":"https:\/\/elpueblonoticia.com.ar\/web\/wp-json\/wp\/v2\/posts\/4351","targetHints":{"allow":["GET"]}}],"collection":[{"href":"https:\/\/elpueblonoticia.com.ar\/web\/wp-json\/wp\/v2\/posts"}],"about":[{"href":"https:\/\/elpueblonoticia.com.ar\/web\/wp-json\/wp\/v2\/types\/post"}],"author":[{"embeddable":true,"href":"https:\/\/elpueblonoticia.com.ar\/web\/wp-json\/wp\/v2\/users\/2"}],"replies":[{"embeddable":true,"href":"https:\/\/elpueblonoticia.com.ar\/web\/wp-json\/wp\/v2\/comments?post=4351"}],"version-history":[{"count":1,"href":"https:\/\/elpueblonoticia.com.ar\/web\/wp-json\/wp\/v2\/posts\/4351\/revisions"}],"predecessor-version":[{"id":4354,"href":"https:\/\/elpueblonoticia.com.ar\/web\/wp-json\/wp\/v2\/posts\/4351\/revisions\/4354"}],"wp:featuredmedia":[{"embeddable":true,"href":"https:\/\/elpueblonoticia.com.ar\/web\/wp-json\/wp\/v2\/media\/4352"}],"wp:attachment":[{"href":"https:\/\/elpueblonoticia.com.ar\/web\/wp-json\/wp\/v2\/media?parent=4351"}],"wp:term":[{"taxonomy":"category","embeddable":true,"href":"https:\/\/elpueblonoticia.com.ar\/web\/wp-json\/wp\/v2\/categories?post=4351"},{"taxonomy":"post_tag","embeddable":true,"href":"https:\/\/elpueblonoticia.com.ar\/web\/wp-json\/wp\/v2\/tags?post=4351"}],"curies":[{"name":"wp","href":"https:\/\/api.w.org\/{rel}","templated":true}]}}