{"id":4342,"date":"2025-11-28T09:09:57","date_gmt":"2025-11-28T12:09:57","guid":{"rendered":"https:\/\/elpueblonoticia.com.ar\/web\/?p=4342"},"modified":"2025-11-28T09:09:57","modified_gmt":"2025-11-28T12:09:57","slug":"coro-polifonico-municipal-elidia-andino-fue-invitado-al-curuzu-coral-2025-festival-de-coros","status":"publish","type":"post","link":"https:\/\/elpueblonoticia.com.ar\/web\/2025\/11\/28\/coro-polifonico-municipal-elidia-andino-fue-invitado-al-curuzu-coral-2025-festival-de-coros\/","title":{"rendered":"CORO POLIF\u00d3NICO MUNICIPAL, ELIDIA ANDINO FUE INVITADO AL CURUZ\u00da CORAL 2025, FESTIVAL DE COROS"},"content":{"rendered":"<p class=\"x_MsoNormal\" data-olk-copy-source=\"MessageBody\">El Coro Polif\u00f3nico Municipal, Prof. Elidia Andino est\u00e1 cerrando un a\u00f1o de mucho trabajo y presentaciones. Es as\u00ed que este s\u00e1bado 29 viajan a Curuz\u00fa Cuati\u00e1 a un encuentro de coros de caracter\u00edstica internacional.<\/p>\n<p class=\"x_MsoNormal\">Con la participaci\u00f3n de coros locales y agrupaciones provenientes del interior correntino e internacionales como invitados, en un evento que busca promover el intercambio cultural y el disfrute de la m\u00fasica coral.<\/p>\n<p class=\"x_MsoNormal\">La propuesta es organizada por el Coro Polif\u00f3nico del Club Social de Curuz\u00fa Cuati\u00e1 y coros Invitados: Coro F\u00e9nix, Paso de los Libres, Coro Municipal de Goya, Grupo Byblos, Salto-Uruguay, Coral de Urugaiana, Brasil.<\/p>\n<p class=\"x_MsoNormal\">32 voces engalanan actualmente el Coro Local y seguramente este s\u00e1bado sus voces descollar\u00e1n en este gran encuentro que tendr\u00e1 lugar en Teatro Cervantes.<\/p>\n<p class=\"x_MsoNormal\">Este encuentro de las agrupaciones corales se ha consolidado como un espacio que re\u00fane voces y talentos de toda la regi\u00f3n, enriqueciendo la vida cultural de la comunidad.<\/p>\n<p class=\"x_MsoNormal\">Para cerrar este \u00e9xito ciclo, el lunes 01 de diciembre, el Coro Polif\u00f3nico Municipal tiene prevista una actuaci\u00f3n en la vecina localidad de Esquina, en la inauguraci\u00f3n del museo de esa ciudad.<\/p>\n<p class=\"x_MsoNormal\" aria-hidden=\"true\">\n","protected":false},"excerpt":{"rendered":"<p>El Coro Polif\u00f3nico Municipal, Prof. Elidia Andino est\u00e1 cerrando un a\u00f1o de mucho trabajo y presentaciones. Es as\u00ed que este s\u00e1bado 29 viajan a Curuz\u00fa Cuati\u00e1 a un encuentro de coros de caracter\u00edstica internacional. Con la participaci\u00f3n de coros locales y agrupaciones provenientes del interior correntino e internacionales como invitados, en un evento que busca [&hellip;]<\/p>\n","protected":false},"author":2,"featured_media":4343,"comment_status":"open","ping_status":"open","sticky":false,"template":"","format":"standard","meta":{"footnotes":""},"categories":[56],"tags":[],"class_list":{"0":"post-4342","1":"post","2":"type-post","3":"status-publish","4":"format-standard","5":"has-post-thumbnail","7":"category-locales"},"_links":{"self":[{"href":"https:\/\/elpueblonoticia.com.ar\/web\/wp-json\/wp\/v2\/posts\/4342","targetHints":{"allow":["GET"]}}],"collection":[{"href":"https:\/\/elpueblonoticia.com.ar\/web\/wp-json\/wp\/v2\/posts"}],"about":[{"href":"https:\/\/elpueblonoticia.com.ar\/web\/wp-json\/wp\/v2\/types\/post"}],"author":[{"embeddable":true,"href":"https:\/\/elpueblonoticia.com.ar\/web\/wp-json\/wp\/v2\/users\/2"}],"replies":[{"embeddable":true,"href":"https:\/\/elpueblonoticia.com.ar\/web\/wp-json\/wp\/v2\/comments?post=4342"}],"version-history":[{"count":1,"href":"https:\/\/elpueblonoticia.com.ar\/web\/wp-json\/wp\/v2\/posts\/4342\/revisions"}],"predecessor-version":[{"id":4344,"href":"https:\/\/elpueblonoticia.com.ar\/web\/wp-json\/wp\/v2\/posts\/4342\/revisions\/4344"}],"wp:featuredmedia":[{"embeddable":true,"href":"https:\/\/elpueblonoticia.com.ar\/web\/wp-json\/wp\/v2\/media\/4343"}],"wp:attachment":[{"href":"https:\/\/elpueblonoticia.com.ar\/web\/wp-json\/wp\/v2\/media?parent=4342"}],"wp:term":[{"taxonomy":"category","embeddable":true,"href":"https:\/\/elpueblonoticia.com.ar\/web\/wp-json\/wp\/v2\/categories?post=4342"},{"taxonomy":"post_tag","embeddable":true,"href":"https:\/\/elpueblonoticia.com.ar\/web\/wp-json\/wp\/v2\/tags?post=4342"}],"curies":[{"name":"wp","href":"https:\/\/api.w.org\/{rel}","templated":true}]}}