{"id":4336,"date":"2025-11-27T12:03:38","date_gmt":"2025-11-27T15:03:38","guid":{"rendered":"https:\/\/elpueblonoticia.com.ar\/web\/?p=4336"},"modified":"2025-11-27T12:03:38","modified_gmt":"2025-11-27T15:03:38","slug":"crisis-maderera-en-corrientes-aserraderos-de-santa-rosa-redujeron-horas-y-personal","status":"publish","type":"post","link":"https:\/\/elpueblonoticia.com.ar\/web\/2025\/11\/27\/crisis-maderera-en-corrientes-aserraderos-de-santa-rosa-redujeron-horas-y-personal\/","title":{"rendered":"CRISIS MADERERA EN CORRIENTES:  Aserraderos de Santa Rosa redujeron horas y personal"},"content":{"rendered":"<p>El sector atraviesa un panorama cr\u00edtico por la suba de tarifas, la ca\u00edda de la demanda interna y la presi\u00f3n fiscal. El gobernador Gustavo Vald\u00e9s reconoci\u00f3 la situaci\u00f3n y apura contactos comerciales con India para abrir nuevos mercados.<\/p>\n<div>La industria forestal de Corrientes atraviesa un panorama cr\u00edtico, con una dr\u00e1stica reducci\u00f3n de planteles y horarios laborales en el parque forestoindustrial de Santa Rosa. La combinaci\u00f3n de tarifas en alza, combustible m\u00e1s caro, una fuerte ca\u00edda de la demanda interna y m\u00e1rgenes exportadores ajustados est\u00e1 asfixiando a los aserraderos peque\u00f1os y medianos.<\/div>\n<div>\n<div><\/div>\n<div>El gobernador, Gustavo Vald\u00e9s, reconoci\u00f3 la situaci\u00f3n y mencion\u00f3 que es crucial avanzar en los contactos comerciales y apunt\u00f3 a los acuerdos con India, pa\u00eds en el que cumpli\u00f3 una agenda de con el sector maderero.<\/div>\n<div>El presidente del Parque Foresto-industrial Santa Rosa y referente de AMAYADAP, Ram\u00f3n Sotelo, confirm\u00f3 en di\u00e1logo con el portal Argentina Forestal que 2025 fue un a\u00f1o &#8220;cuesta arriba&#8221; desde el primer trimestre.<\/div>\n<div><\/div>\n<div><b><i>&#8220;Arrancamos reduciendo personal de 50 operarios y recortando turnos. La planta del Parque Foresto-industrial se mantuvo activa gracias a la exportaci\u00f3n de pallets, pero con una rentabilidad muy baja. Las otras dos f\u00e1bricas, que dependen del mercado interno, directamente no repuntan&#8221;, explic\u00f3 Sotelo, propietario de Todo Pallets.<\/i><\/b><\/div>\n<h2 class=\"\">Mercado interno paralizado y presi\u00f3n fiscal<\/h2>\n<div>Sotelo se\u00f1al\u00f3 que el principal problema es la paralizaci\u00f3n del mercado nacional, con la obra p\u00fablica y privada detenidas. Las empresas no han podido trasladar a precios ning\u00fan aumento de costos:<\/div>\n<div>\n<div><\/div>\n<div>Precios: &#8220;Mantenemos los mismos precios que en 2024 y absorbimos todos los aumentos de log\u00edstica, salarios, servicios e impuestos de 2025.&#8221;<\/div>\n<div>\n<div><\/div>\n<div>Capacidad: en Santa Rosa, unos 40 aserraderos operan con planteles reducidos y menos horas, trabajando en promedio al 60% de su capacidad.<\/div>\n<div>\n<div><\/div>\n<div>Cierres: &#8220;seis aserraderos del Parque pararon a comienzos de a\u00f1o y nunca lograron volver a arrancar.&#8221;<\/div>\n<div>El referente maderero lament\u00f3 la falta de apoyo del Gobierno Nacional. &#8220;La Afip sigue inspeccionando y presionando por pagos cuando la actividad est\u00e1 desplomada. Necesitamos medidas urgentes y no recibimos ninguna respuesta&#8221;, dijo y advirti\u00f3 que la situaci\u00f3n es &#8220;l\u00edmite&#8221;, especialmente ante el pago inminente del aguinaldo.<\/div>\n<div><\/div>\n<h2 class=\"\">Vald\u00e9s apuesta a la apertura de mercados en India<\/h2>\n<div>El gobernador Gustavo Vald\u00e9s reconoci\u00f3 la cr\u00edtica situaci\u00f3n que atraviesa la industria y sostuvo que la soluci\u00f3n pasa por generar nuevas conexiones comerciales.<\/div>\n<div>\n<div><\/div>\n<div>Vald\u00e9s destac\u00f3 su reciente gira por India, donde recorri\u00f3 el puerto de Mumbai y cosech\u00f3 la predisposici\u00f3n de empresarios interesados en la madera correntina.<\/div>\n<div><\/div>\n<div><i><b>&#8220;Coordinamos una reuni\u00f3n para marzo&#8221;, confirm\u00f3 el gobernador, y a\u00f1adi\u00f3 que se comprometi\u00f3 a llevar a los industriales correntinos al puerto maderero para &#8220;abrir posibilidades para conectar nuestra industria maderera con esa demanda, que es pr\u00e1cticamente infinita&#8221;.<\/b><\/i><\/div>\n<div><\/div>\n<div><\/div>\n<div>El Litoral<\/div>\n<\/div>\n<\/div>\n<\/div>\n<\/div>\n<\/div>\n","protected":false},"excerpt":{"rendered":"<p>El sector atraviesa un panorama cr\u00edtico por la suba de tarifas, la ca\u00edda de la demanda interna y la presi\u00f3n fiscal. El gobernador Gustavo Vald\u00e9s reconoci\u00f3 la situaci\u00f3n y apura contactos comerciales con India para abrir nuevos mercados. La industria forestal de Corrientes atraviesa un panorama cr\u00edtico, con una dr\u00e1stica reducci\u00f3n de planteles y horarios [&hellip;]<\/p>\n","protected":false},"author":2,"featured_media":4337,"comment_status":"open","ping_status":"open","sticky":false,"template":"","format":"standard","meta":{"footnotes":""},"categories":[65],"tags":[],"class_list":{"0":"post-4336","1":"post","2":"type-post","3":"status-publish","4":"format-standard","5":"has-post-thumbnail","7":"category-economia"},"_links":{"self":[{"href":"https:\/\/elpueblonoticia.com.ar\/web\/wp-json\/wp\/v2\/posts\/4336","targetHints":{"allow":["GET"]}}],"collection":[{"href":"https:\/\/elpueblonoticia.com.ar\/web\/wp-json\/wp\/v2\/posts"}],"about":[{"href":"https:\/\/elpueblonoticia.com.ar\/web\/wp-json\/wp\/v2\/types\/post"}],"author":[{"embeddable":true,"href":"https:\/\/elpueblonoticia.com.ar\/web\/wp-json\/wp\/v2\/users\/2"}],"replies":[{"embeddable":true,"href":"https:\/\/elpueblonoticia.com.ar\/web\/wp-json\/wp\/v2\/comments?post=4336"}],"version-history":[{"count":1,"href":"https:\/\/elpueblonoticia.com.ar\/web\/wp-json\/wp\/v2\/posts\/4336\/revisions"}],"predecessor-version":[{"id":4338,"href":"https:\/\/elpueblonoticia.com.ar\/web\/wp-json\/wp\/v2\/posts\/4336\/revisions\/4338"}],"wp:featuredmedia":[{"embeddable":true,"href":"https:\/\/elpueblonoticia.com.ar\/web\/wp-json\/wp\/v2\/media\/4337"}],"wp:attachment":[{"href":"https:\/\/elpueblonoticia.com.ar\/web\/wp-json\/wp\/v2\/media?parent=4336"}],"wp:term":[{"taxonomy":"category","embeddable":true,"href":"https:\/\/elpueblonoticia.com.ar\/web\/wp-json\/wp\/v2\/categories?post=4336"},{"taxonomy":"post_tag","embeddable":true,"href":"https:\/\/elpueblonoticia.com.ar\/web\/wp-json\/wp\/v2\/tags?post=4336"}],"curies":[{"name":"wp","href":"https:\/\/api.w.org\/{rel}","templated":true}]}}