{"id":4332,"date":"2025-11-27T11:56:27","date_gmt":"2025-11-27T14:56:27","guid":{"rendered":"https:\/\/elpueblonoticia.com.ar\/web\/?p=4332"},"modified":"2025-11-27T11:56:27","modified_gmt":"2025-11-27T14:56:27","slug":"los-jugadores-de-estudiantes-no-seran-sancionados-por-su-gesto-con-rosario-central","status":"publish","type":"post","link":"https:\/\/elpueblonoticia.com.ar\/web\/2025\/11\/27\/los-jugadores-de-estudiantes-no-seran-sancionados-por-su-gesto-con-rosario-central\/","title":{"rendered":"Los jugadores de Estudiantes no ser\u00e1n sancionados por su gesto con Rosario Central"},"content":{"rendered":"<p><img decoding=\"async\" src=\"https:\/\/pxcdn.ellitoral.com.ar\/litoral\/112025\/1764250683721.webp?cw=807\" alt=\"La delegaci\u00f3n de Rosario Central durante la proclamaci\u00f3n como Campe\u00f3n de Liga.\" \/><\/p>\n<p>El Tribunal de Disciplina hab\u00eda iniciado una investigaci\u00f3n por la protesta del plantel del Pincha luego que la AFA diera al equipo de Di Mar\u00eda el t\u00edtulo de la Liga Profesional tras haber sumado m\u00e1s puntos en el a\u00f1o.<\/p>\n<p>El <strong>Tribunal de Disciplina\u00a0<\/strong>de la\u00a0<strong>Asociaci\u00f3n del F\u00fatbol Argentino\u00a0<\/strong>decidi\u00f3\u00a0<strong>no sancionar\u00a0<\/strong>a los\u00a0<strong>jugadores de Estudiantes de La Plata\u00a0<\/strong>que realizaron el\u00a0<strong>pol\u00e9mico pasillo\u00a0<\/strong>en el \u00faltimo partido ante\u00a0<strong>Rosario Central<\/strong>, que festej\u00f3 el t\u00edtulo que la\u00a0<strong>Liga Profesional\u00a0<\/strong>decidi\u00f3 darle por ser el equipo que m\u00e1s puntos sac\u00f3 en el a\u00f1o.<\/p>\n<div class=\"container-spot\" data-tipo=\"tipo_todo\" data-pos=\"NEW_P1_cuerpo\">\n<div class=\"gpt-load\" data-gpt=\"\/22675780113\/nota\/new_p1_cuerpo\" data-size=\"[[728, 90]]\" data-gpt-mobile=\"\/22675780113\/nota\/new_p1_cuerpo\" data-size-mobile=\"[[320, 100],[300, 250],[300, 100],[300, 50]]\"><\/div>\n<\/div>\n<p>De esta manera,\u00a0<strong>Eduardo Dom\u00ednguez<\/strong>,\u00a0<strong>entrenador de Estudiantes<\/strong>,\u00a0<strong>no tendr\u00e1\u00a0<\/strong>por esta situaci\u00f3n\u00a0<strong>ninguna baja\u00a0<\/strong>para el encuentro del s\u00e1bado que viene ante\u00a0<strong>Central C\u00f3rdoba\u00a0<\/strong>de\u00a0<strong>Santiago del Estero<\/strong>, por los\u00a0<strong>cuartos de final del torneo Clausura<\/strong>. Los jugadores que est\u00e1n &#8220;observados&#8221; eran Fernando Muslera, Rom\u00e1n G\u00f3mez, Santiago N\u00fa\u00f1ez, Leandro Gonz\u00e1lez P\u00edrez, Tiago Palacios, Facundo Far\u00edas, Santiago Arzamendia, Edwuin Cetr\u00e9, Ezequiel Piovi, Cristian Medina, Mikel Amondarain y Lucas Alario (quien fue suplente y le comunic\u00f3 a Fatu Broun y \u00c1ngel Di Mar\u00eda lo que ocurrir\u00eda en el pasillo).<\/p>\n<p>El\u00a0<strong>Tribunal de Disciplina\u00a0<\/strong>hab\u00eda iniciado una investigaci\u00f3n por la\u00a0<strong>protesta del plantel\u00a0<\/strong>de Estudiantes en el Gigante de Arroyito y dio un plazo de\u00a0<strong>48 horas\u00a0<\/strong>para hacer un\u00a0<strong>descargo por los 12 jugadores\u00a0<\/strong>que decidieron\u00a0<strong>darle la espalda\u00a0<\/strong>al ingreso de los\u00a0<strong>jugadores de Rosario Central<\/strong>.<\/p>\n<div class=\"container-spot\" data-tipo=\"tipo_todo\" data-pos=\"NEW_P2_cuerpo\">\n<div class=\"gpt-load\" data-gpt=\"\/22675780113\/nota\/new_p2_cuerpo\" data-size=\"[[728, 90]]\" data-gpt-mobile=\"\/22675780113\/nota\/new_p2_cuerpo\" data-size-mobile=\"[[320, 100],[320, 50],[300, 600],[300, 250],[300, 100],[300, 50]]\"><\/div>\n<\/div>\n<p>El fallo se espera para este jueves, aunque TyC Sports pudo averiguar que no los\u00a0<strong>futbolistas no ser\u00e1n sancionados\u00a0<\/strong>y para que esto ocurriera termin\u00f3 siendo\u00a0<strong>clave Juan Sebasti\u00e1n Ver\u00f3n<\/strong>, presidente del Pincha.<\/p>\n<p>En el\u00a0<strong>descargo\u00a0<\/strong>que hizo\u00a0<strong>Estudiantes\u00a0<\/strong>ante el\u00a0<strong>Tribunal de \u00c9tica y Moral<\/strong>, la instituci\u00f3n platense expres\u00f3 que la\u00a0<strong>decisi\u00f3n de darse vuelta\u00a0<\/strong>en el pasillo parti\u00f3 del\u00a0<strong>propio presidente\u00a0<\/strong>y as\u00ed dej\u00f3 al\u00a0<strong>margen a los jugadores<\/strong>, quienes solamente habr\u00edan realizado lo que les dijo la Bruja.<\/p>\n<div class=\"container-spot\" data-tipo=\"tipo_todo\" data-pos=\"NEW_P3_cuerpo\">\n<div class=\"gpt-load\" data-gpt=\"\/22675780113\/nota\/new_p3_cuerpo\" data-size=\"[[728, 90]]\" data-gpt-mobile=\"\/22675780113\/nota\/new_p3_cuerpo\" data-size-mobile=\"[[320, 100],[320, 50],[300, 250],[300, 100],[300, 50]]\"><\/div>\n<\/div>\n<p>Todo comenz\u00f3 el jueves de la\u00a0<strong>semana pasada\u00a0<\/strong>cuando una\u00a0<strong>delegaci\u00f3n de Rosario Central\u00a0<\/strong>viaj\u00f3 a\u00a0<strong>Buenos Aires\u00a0<\/strong>para\u00a0<strong>recibir\u00a0<\/strong>una\u00a0<strong>copa\u00a0<\/strong>por ganar la\u00a0<strong>tabla anual<\/strong>, t\u00edtulo que hasta ese momento\u00a0<strong>ninguna instituci\u00f3n sab\u00eda que hab\u00eda estado en juego\u00a0<\/strong>durante 2025.<\/p>\n<p>Los clubes hab\u00edan ido a escuchar c\u00f3mo se iban a disputar los\u00a0<strong>torneos la temporada\u00a0<\/strong>que viene y en ese momento se les inform\u00f3 desde la\u00a0<strong>Liga Profesional\u00a0<\/strong>que se le iba a dar un\u00a0<strong>reconocimiento al Canalla\u00a0<\/strong>por ser el que m\u00e1s puntos sac\u00f3 en el a\u00f1o, aunque\u00a0<strong>no se esperaba que fuera una estrella<\/strong>.<\/p>\n<div class=\"container-spot\" data-tipo=\"tipo_todo\" data-pos=\"NEW_P4_cuerpo\">\n<div class=\"gpt-load\" data-gpt=\"\/22675780113\/nota\/new_p4_cuerpo\" data-size=\"[[728, 90]]\" data-gpt-mobile=\"\/22675780113\/nota\/new_p4_cuerpo\" data-size-mobile=\"[[300, 600],[300, 250],[300, 100],[300, 50],[320, 100],[320, 50]]\"><\/div>\n<\/div>\n<p>Las\u00a0<strong>repercusiones no tardaron en llegar<\/strong>, los\u00a0<strong>hinchas\u00a0<\/strong>mostraron su\u00a0<strong>enojo\u00a0<\/strong>por lo sucedido en las\u00a0<strong>redes sociales\u00a0<\/strong>y apuntaron a sus dirigentes por aprobar este t\u00edtulo. Todo escal\u00f3 cuando\u00a0<strong>Estudiantes\u00a0<\/strong>-como\u00a0<strong>respuesta a sus socios y simpatizantes<\/strong>&#8211; comunic\u00f3 que no se hab\u00eda dado\u00a0<strong>ninguna votaci\u00f3n\u00a0<\/strong>mientras que, por el contrario, desde el ente organizador del f\u00fatbol argentino aseguraban que s\u00ed hab\u00eda pasado.<\/p>\n<p>El pr\u00f3ximo paso en esta disputa entre la <strong>Liga Profesional\u00a0<\/strong>y\u00a0<strong>Estudiantes\u00a0<\/strong>se dio cuando, tambi\u00e9n en las\u00a0<strong>redes sociales<\/strong>, se le\u00a0<strong>comunic\u00f3 al Pincha\u00a0<\/strong>que iba a tener que hacerle el pasillo a\u00a0<strong>Rosario Central\u00a0<\/strong>en el\u00a0<strong>Gigante de Arroyito<\/strong>.<\/p>\n<p>Finalmente, despu\u00e9s de muchas especulaciones, el pasillo se dio, pero con la\u00a0<strong>particularidad\u00a0<\/strong>de que los\u00a0<strong>jugadores\u00a0<\/strong>decidieron\u00a0<strong>darse vuelta\u00a0<\/strong>cuando\u00a0<strong>Angel Di Mar\u00eda\u00a0<\/strong>sali\u00f3 a la cancha con la\u00a0<strong>copa en la mano<\/strong>.<\/p>\n<div class=\"container-spot\" data-tipo=\"tipo_todo\" data-pos=\"NEW_P6_cuerpo\">\n<div class=\"gpt-load\" data-gpt=\"\/22675780113\/nota\/new_p6_cuerpo\" data-size=\"[[728, 90]]\" data-gpt-mobile=\"\/22675780113\/nota\/new_p6_cuerpo\" data-size-mobile=\"[[300, 600],[300, 250],[300, 100],[300, 50]]\"><\/div>\n<\/div>\n<p>Por este motivo, el\u00a0<strong>\u00e1rbitro Pablo D\u00f3valo\u00a0<\/strong>hizo un\u00a0<strong>informe\u00a0<\/strong>porque el pasillo no se hizo como estaba previsto por el reglamento y el\u00a0<strong>Tribunal de Disciplina\u00a0<\/strong>evalu\u00f3 la posibilidad de\u00a0<strong>aplicar alguna sanci\u00f3n\u00a0<\/strong>a los jugadores, algo que finalmente no pasar\u00e1.\u00a0<strong>Habr\u00e1 que ver qu\u00e9 pasar\u00e1 con Ver\u00f3n<\/strong>.<\/p>\n<div class=\"fixed-container direction-center\"><\/div>\n","protected":false},"excerpt":{"rendered":"<p>El Tribunal de Disciplina hab\u00eda iniciado una investigaci\u00f3n por la protesta del plantel del Pincha luego que la AFA diera al equipo de Di Mar\u00eda el t\u00edtulo de la Liga Profesional tras haber sumado m\u00e1s puntos en el a\u00f1o. El Tribunal de Disciplina\u00a0de la\u00a0Asociaci\u00f3n del F\u00fatbol Argentino\u00a0decidi\u00f3\u00a0no sancionar\u00a0a los\u00a0jugadores de Estudiantes de La Plata\u00a0que realizaron [&hellip;]<\/p>\n","protected":false},"author":2,"featured_media":4333,"comment_status":"open","ping_status":"open","sticky":false,"template":"","format":"standard","meta":{"footnotes":""},"categories":[76],"tags":[],"class_list":{"0":"post-4332","1":"post","2":"type-post","3":"status-publish","4":"format-standard","5":"has-post-thumbnail","7":"category-deportes"},"_links":{"self":[{"href":"https:\/\/elpueblonoticia.com.ar\/web\/wp-json\/wp\/v2\/posts\/4332","targetHints":{"allow":["GET"]}}],"collection":[{"href":"https:\/\/elpueblonoticia.com.ar\/web\/wp-json\/wp\/v2\/posts"}],"about":[{"href":"https:\/\/elpueblonoticia.com.ar\/web\/wp-json\/wp\/v2\/types\/post"}],"author":[{"embeddable":true,"href":"https:\/\/elpueblonoticia.com.ar\/web\/wp-json\/wp\/v2\/users\/2"}],"replies":[{"embeddable":true,"href":"https:\/\/elpueblonoticia.com.ar\/web\/wp-json\/wp\/v2\/comments?post=4332"}],"version-history":[{"count":1,"href":"https:\/\/elpueblonoticia.com.ar\/web\/wp-json\/wp\/v2\/posts\/4332\/revisions"}],"predecessor-version":[{"id":4334,"href":"https:\/\/elpueblonoticia.com.ar\/web\/wp-json\/wp\/v2\/posts\/4332\/revisions\/4334"}],"wp:featuredmedia":[{"embeddable":true,"href":"https:\/\/elpueblonoticia.com.ar\/web\/wp-json\/wp\/v2\/media\/4333"}],"wp:attachment":[{"href":"https:\/\/elpueblonoticia.com.ar\/web\/wp-json\/wp\/v2\/media?parent=4332"}],"wp:term":[{"taxonomy":"category","embeddable":true,"href":"https:\/\/elpueblonoticia.com.ar\/web\/wp-json\/wp\/v2\/categories?post=4332"},{"taxonomy":"post_tag","embeddable":true,"href":"https:\/\/elpueblonoticia.com.ar\/web\/wp-json\/wp\/v2\/tags?post=4332"}],"curies":[{"name":"wp","href":"https:\/\/api.w.org\/{rel}","templated":true}]}}