{"id":4327,"date":"2025-11-27T11:47:21","date_gmt":"2025-11-27T14:47:21","guid":{"rendered":"https:\/\/elpueblonoticia.com.ar\/web\/?p=4327"},"modified":"2025-11-27T11:47:21","modified_gmt":"2025-11-27T14:47:21","slug":"gustavo-valdes-convoco-a-sesiones-extraordinarias-para-tratar-el-presupuesto-2026","status":"publish","type":"post","link":"https:\/\/elpueblonoticia.com.ar\/web\/2025\/11\/27\/gustavo-valdes-convoco-a-sesiones-extraordinarias-para-tratar-el-presupuesto-2026\/","title":{"rendered":"Gustavo Vald\u00e9s convoc\u00f3 a sesiones extraordinarias para tratar el Presupuesto 2026"},"content":{"rendered":"<p>El gobernador firm\u00f3 el Decreto N\u00b0 2332 para que la Legislatura retome su actividad fuera del per\u00edodo ordinario.<\/p>\n<p>El Poder Ejecutivo de Corrientes, a cargo de <b>Gustavo\u00a0Vald\u00e9s,<\/b>\u00a0emiti\u00f3 este jueves el\u00a0<b>Decreto N\u00b0 2332<\/b>\u00a0\u00a0convocando al\u00a0per\u00edodo de\u00a0<b>sesiones extraordinarias<\/b>.<\/p>\n<p>La convocatoria tiene lugar un d\u00eda antes del fin de las sesiones ordinarias (que se extienden hasta el 30 de noviembre, seg\u00fan el art\u00edculo 99 de la Constituci\u00f3n Provincial ). El llamado a sesiones extraordinarias se realiza en uso de las atribuciones conferidas por los art\u00edculos 100 y 101 de la Carta Magna provincial.<\/p>\n<h2 class=\"h2\">Fechas y tema exclusivo<\/h2>\n<p>El per\u00edodo extraordinario de sesiones se extender\u00e1 desde el\u00a0<b>1 de diciembre de 2025<\/b>\u00a0y hasta el\u00a0<b>19 de diciembre de 2025<\/b>.<\/p>\n<div class=\"container-spot\" data-tipo=\"tipo_todo\" data-pos=\"NEW_P2_cuerpo\">\n<div class=\"gpt-load\" data-gpt=\"\/22675780113\/nota\/new_p2_cuerpo\" data-size=\"[[728, 90]]\" data-gpt-mobile=\"\/22675780113\/nota\/new_p2_cuerpo\" data-size-mobile=\"[[320, 100],[320, 50],[300, 600],[300, 250],[300, 100],[300, 50]]\"><\/div>\n<\/div>\n<p>El tema central y \u00fanico detallado en el Anexo del decreto es el tratamiento del\u00a0<b>&#8220;Proyecto de Ley Presupuesto General de Gastos y C\u00e1lculo de recursos de la Administraci\u00f3n provincial para el ejercicio fiscal 2026&#8221;<\/b>. El decreto aclara que la Legislatura tratar\u00e1 estos temas &#8220;sin perjuicio de eventuales ampliaciones&#8221;.<\/p>\n<h2 class=\"h2\">Cifras globales del Presupuesto<\/h2>\n<p>El\u00a0<strong>Presupuesto\u00a0<\/strong>que envi\u00f3 el Ejecutivo establece un marco financiero que supera los $3,2 billones. Adem\u00e1s, el proyecto que ingres\u00f3 a la Legislatura provincial estima un\u00a0<strong>d\u00e9ficit\u00a0<\/strong>de -$189.749.440.083.<\/p>\n<div class=\"container-spot\" data-tipo=\"tipo_todo\" data-pos=\"NEW_P3_cuerpo\">\n<div class=\"gpt-load\" data-gpt=\"\/22675780113\/nota\/new_p3_cuerpo\" data-size=\"[[728, 90]]\" data-gpt-mobile=\"\/22675780113\/nota\/new_p3_cuerpo\" data-size-mobile=\"[[320, 100],[320, 50],[300, 250],[300, 100],[300, 50]]\"><\/div>\n<\/div>\n<p>De esta manera, el\u00a0<strong>Presupuesto\u00a0<\/strong>de la Administraci\u00f3n Central y Organismos Descentralizados No Autofinanciados qued\u00f3 fijado en la suma de<strong>\u00a0$ 3.298.327.524.277<\/strong>, tanto para el total de gastos como para el c\u00e1lculo de recursos.<\/p>\n<ul>\n<li>Resultado financiero proyectado:\u00a0el Balance Financiero estima un resultado negativo de\u00a0$ -189.749.440.083 (pesos menos ciento ochenta y nueve mil setecientos cuarenta y nueve millones cuatrocientos cuarenta mil ochenta y tres)\u00a0para la Administraci\u00f3n Central y Organismos Descentralizados No Autofinanciados.<\/li>\n<li>Gastos Figurativos:\u00a0Se fijaron en\u00a0$63.363.205.466\u00a0los importes correspondientes a los gastos figurativos.<\/li>\n<\/ul>\n","protected":false},"excerpt":{"rendered":"<p>El gobernador firm\u00f3 el Decreto N\u00b0 2332 para que la Legislatura retome su actividad fuera del per\u00edodo ordinario. El Poder Ejecutivo de Corrientes, a cargo de Gustavo\u00a0Vald\u00e9s,\u00a0emiti\u00f3 este jueves el\u00a0Decreto N\u00b0 2332\u00a0\u00a0convocando al\u00a0per\u00edodo de\u00a0sesiones extraordinarias. La convocatoria tiene lugar un d\u00eda antes del fin de las sesiones ordinarias (que se extienden hasta el 30 de [&hellip;]<\/p>\n","protected":false},"author":2,"featured_media":4328,"comment_status":"open","ping_status":"open","sticky":false,"template":"","format":"standard","meta":{"footnotes":""},"categories":[66],"tags":[],"class_list":{"0":"post-4327","1":"post","2":"type-post","3":"status-publish","4":"format-standard","5":"has-post-thumbnail","7":"category-politica-nacionales"},"_links":{"self":[{"href":"https:\/\/elpueblonoticia.com.ar\/web\/wp-json\/wp\/v2\/posts\/4327","targetHints":{"allow":["GET"]}}],"collection":[{"href":"https:\/\/elpueblonoticia.com.ar\/web\/wp-json\/wp\/v2\/posts"}],"about":[{"href":"https:\/\/elpueblonoticia.com.ar\/web\/wp-json\/wp\/v2\/types\/post"}],"author":[{"embeddable":true,"href":"https:\/\/elpueblonoticia.com.ar\/web\/wp-json\/wp\/v2\/users\/2"}],"replies":[{"embeddable":true,"href":"https:\/\/elpueblonoticia.com.ar\/web\/wp-json\/wp\/v2\/comments?post=4327"}],"version-history":[{"count":2,"href":"https:\/\/elpueblonoticia.com.ar\/web\/wp-json\/wp\/v2\/posts\/4327\/revisions"}],"predecessor-version":[{"id":4330,"href":"https:\/\/elpueblonoticia.com.ar\/web\/wp-json\/wp\/v2\/posts\/4327\/revisions\/4330"}],"wp:featuredmedia":[{"embeddable":true,"href":"https:\/\/elpueblonoticia.com.ar\/web\/wp-json\/wp\/v2\/media\/4328"}],"wp:attachment":[{"href":"https:\/\/elpueblonoticia.com.ar\/web\/wp-json\/wp\/v2\/media?parent=4327"}],"wp:term":[{"taxonomy":"category","embeddable":true,"href":"https:\/\/elpueblonoticia.com.ar\/web\/wp-json\/wp\/v2\/categories?post=4327"},{"taxonomy":"post_tag","embeddable":true,"href":"https:\/\/elpueblonoticia.com.ar\/web\/wp-json\/wp\/v2\/tags?post=4327"}],"curies":[{"name":"wp","href":"https:\/\/api.w.org\/{rel}","templated":true}]}}