{"id":4307,"date":"2025-11-27T11:05:01","date_gmt":"2025-11-27T14:05:01","guid":{"rendered":"https:\/\/elpueblonoticia.com.ar\/web\/?p=4307"},"modified":"2025-11-27T11:05:01","modified_gmt":"2025-11-27T14:05:01","slug":"whirlpool-cerro-su-planta-en-pilar-y-echo-a-mas-de-200-trabajadores","status":"publish","type":"post","link":"https:\/\/elpueblonoticia.com.ar\/web\/2025\/11\/27\/whirlpool-cerro-su-planta-en-pilar-y-echo-a-mas-de-200-trabajadores\/","title":{"rendered":"Whirlpool cerr\u00f3 su planta en Pilar y ech\u00f3 a m\u00e1s de 200 trabajadores"},"content":{"rendered":"<div id=\"modalIntrotext\">\n<div><img decoding=\"async\" src=\"https:\/\/www.powernoticias.com\/images\/202511262029357577\" \/><\/div>\n<div>La compa\u00f1\u00eda de electrodom\u00e9sticos asegur\u00f3 que le afecta el boom de los productos importados. La f\u00e1brica de ollas Essen desvincul\u00f3 a m\u00e1s de 30 empleados en Venado Tuerto.<\/div>\n<div><\/div>\n<div><\/div>\n<div>La empresa de electrodom\u00e9sticos, Whirlpool, comunic\u00f3 el cierre de su planta de lavarropas ubicada en el Parque Industrial de F\u00e1tima, en Pilar, y despidi\u00f3 a 220 trabajadores. La medida se tom\u00f3 ante la ca\u00edda del consumo y el aumento de las importaciones.<\/p>\n<p>La decisi\u00f3n fue comunicada este mi\u00e9rcoles 26 de noviembre a los empleados. Se est\u00e1 negociando con los representantes de la Uni\u00f3n Obrera Metal\u00fargica (UOM) para acordar un paquete de salida que incluir\u00eda la indemnizaci\u00f3n correspondiente m\u00e1s una suma extra.<\/p>\n<p>A pesar del cierre de la planta, Whirlpool asegur\u00f3 que mantendr\u00e1 su operaci\u00f3n comercial y log\u00edstica en la Argentina para seguir abasteciendo el mercado con electrodom\u00e9sticos, repuestos y servicio. De esta forma, la compa\u00f1\u00eda pasar\u00e1 a importar su mercanc\u00eda.<\/p>\n<p>\u201cEsta decisi\u00f3n implica una reconfiguraci\u00f3n estructural de la operaci\u00f3n en la Argentina. A partir de este cambio, Whirlpool concentrar\u00e1 su presencia en el pa\u00eds en actividades estrictamente comerciales y de servicio, garantizando el abastecimiento de electrodom\u00e9sticos, accesorios y repuestos en todo el territorio de Argentina\u201d, indicaron desde la firma brasile\u00f1a en un comunicado.<\/p>\n<p>Despidos en la f\u00e1brica de ollas Essen: desvincularon a m\u00e1s de 30 empleados<br \/>\nUna medida similar ocurri\u00f3 en la f\u00e1brica de ollas Essen. La empresa ubicada en Venado Tuerto desvincul\u00f3 a m\u00e1s de 30 empleados ante la fuerte ca\u00edda del consumo.<\/p>\n<p>\u201cEn los \u00faltimos meses, la demanda en la Argentina disminuy\u00f3, lo que oblig\u00f3 a la compa\u00f1\u00eda a realizar algunas desvinculaciones para adecuar la producci\u00f3n: en total 12 empleados efectivos y 17 de personal eventual\u201d, explicaron desde Essen.<\/p>\n<p>Y aclararon: &#8220;Estas medidas no est\u00e1n relacionadas en lo m\u00e1s m\u00ednimo con la fabricaci\u00f3n importada de productos, sino exclusivamente con la baja de la demanda&#8221;.<\/p>\n<p>Por su parte, el secretario general de la UOM de la seccional Venado Tuerto, Diego Olave, coment\u00f3: \u201cDe los 34 despidos, 17 son de planta permanente y las dem\u00e1s son trabajadores eventuales. Pero Essen ya viene de aproximadamente tres meses haciendo bajas, de a dos, de a tres, de a cuatro. A estas treinta y cuatro se le suman entonces 58, incluidos los eventuales por supuesto, pero no dejan de ser bajas\u201d.<\/p><\/div>\n<\/div>\n","protected":false},"excerpt":{"rendered":"<p>La compa\u00f1\u00eda de electrodom\u00e9sticos asegur\u00f3 que le afecta el boom de los productos importados. La f\u00e1brica de ollas Essen desvincul\u00f3 a m\u00e1s de 30 empleados en Venado Tuerto. La empresa de electrodom\u00e9sticos, Whirlpool, comunic\u00f3 el cierre de su planta de lavarropas ubicada en el Parque Industrial de F\u00e1tima, en Pilar, y despidi\u00f3 a 220 trabajadores. [&hellip;]<\/p>\n","protected":false},"author":2,"featured_media":4308,"comment_status":"open","ping_status":"open","sticky":false,"template":"","format":"standard","meta":{"footnotes":""},"categories":[64],"tags":[],"class_list":{"0":"post-4307","1":"post","2":"type-post","3":"status-publish","4":"format-standard","5":"has-post-thumbnail","7":"category-nacionales"},"_links":{"self":[{"href":"https:\/\/elpueblonoticia.com.ar\/web\/wp-json\/wp\/v2\/posts\/4307","targetHints":{"allow":["GET"]}}],"collection":[{"href":"https:\/\/elpueblonoticia.com.ar\/web\/wp-json\/wp\/v2\/posts"}],"about":[{"href":"https:\/\/elpueblonoticia.com.ar\/web\/wp-json\/wp\/v2\/types\/post"}],"author":[{"embeddable":true,"href":"https:\/\/elpueblonoticia.com.ar\/web\/wp-json\/wp\/v2\/users\/2"}],"replies":[{"embeddable":true,"href":"https:\/\/elpueblonoticia.com.ar\/web\/wp-json\/wp\/v2\/comments?post=4307"}],"version-history":[{"count":2,"href":"https:\/\/elpueblonoticia.com.ar\/web\/wp-json\/wp\/v2\/posts\/4307\/revisions"}],"predecessor-version":[{"id":4310,"href":"https:\/\/elpueblonoticia.com.ar\/web\/wp-json\/wp\/v2\/posts\/4307\/revisions\/4310"}],"wp:featuredmedia":[{"embeddable":true,"href":"https:\/\/elpueblonoticia.com.ar\/web\/wp-json\/wp\/v2\/media\/4308"}],"wp:attachment":[{"href":"https:\/\/elpueblonoticia.com.ar\/web\/wp-json\/wp\/v2\/media?parent=4307"}],"wp:term":[{"taxonomy":"category","embeddable":true,"href":"https:\/\/elpueblonoticia.com.ar\/web\/wp-json\/wp\/v2\/categories?post=4307"},{"taxonomy":"post_tag","embeddable":true,"href":"https:\/\/elpueblonoticia.com.ar\/web\/wp-json\/wp\/v2\/tags?post=4307"}],"curies":[{"name":"wp","href":"https:\/\/api.w.org\/{rel}","templated":true}]}}