{"id":4268,"date":"2025-11-27T09:38:05","date_gmt":"2025-11-27T12:38:05","guid":{"rendered":"https:\/\/elpueblonoticia.com.ar\/web\/?p=4268"},"modified":"2025-11-27T09:38:05","modified_gmt":"2025-11-27T12:38:05","slug":"el-27-de-noviembre-desarrollo-social-estara-presente-en-el-paraje-san-francisco","status":"publish","type":"post","link":"https:\/\/elpueblonoticia.com.ar\/web\/2025\/11\/27\/el-27-de-noviembre-desarrollo-social-estara-presente-en-el-paraje-san-francisco\/","title":{"rendered":"EL 27 DE NOVIEMBRE, DESARROLLO SOCIAL ESTAR\u00c1 PRESENTE EN EL PARAJE SAN FRANCISCO"},"content":{"rendered":"<p data-olk-copy-source=\"MessageBody\"><img loading=\"lazy\" decoding=\"async\" class=\"alignnone  wp-image-4270\" src=\"https:\/\/elpueblonoticia.com.ar\/web\/wp-content\/uploads\/2025\/11\/FotoJet-1-5-300x257.jpg\" alt=\"\" width=\"774\" height=\"663\" srcset=\"https:\/\/elpueblonoticia.com.ar\/web\/wp-content\/uploads\/2025\/11\/FotoJet-1-5-300x257.jpg 300w, https:\/\/elpueblonoticia.com.ar\/web\/wp-content\/uploads\/2025\/11\/FotoJet-1-5-1024x878.jpg 1024w, https:\/\/elpueblonoticia.com.ar\/web\/wp-content\/uploads\/2025\/11\/FotoJet-1-5-768x659.jpg 768w, https:\/\/elpueblonoticia.com.ar\/web\/wp-content\/uploads\/2025\/11\/FotoJet-1-5-490x420.jpg 490w, https:\/\/elpueblonoticia.com.ar\/web\/wp-content\/uploads\/2025\/11\/FotoJet-1-5-696x597.jpg 696w, https:\/\/elpueblonoticia.com.ar\/web\/wp-content\/uploads\/2025\/11\/FotoJet-1-5-1068x916.jpg 1068w, https:\/\/elpueblonoticia.com.ar\/web\/wp-content\/uploads\/2025\/11\/FotoJet-1-5.jpg 1399w\" sizes=\"auto, (max-width: 774px) 100vw, 774px\" \/><\/p>\n<p class=\"x_MsoNormal\" data-olk-copy-source=\"MessageBody\">El Ministerio de Desarrollo Social, en coordinaci\u00f3n con la Municipalidad, implementa operativos m\u00e9dicos y entrega m\u00f3dulos alimentarios para garantizar el acceso a servicios esenciales.<\/p>\n<p class=\"x_MsoNormal\">El jueves el dispositivo m\u00e9dico asistencial desde las 9 horas, se realizar\u00e1 en la 3\u00aa Secci\u00f3n Paraje San Francisco, en el domicilio de la Se\u00f1ora Delmira Aquino<\/p>\n<p class=\"x_MsoNormal\">El Ministerio de Desarrollo Social, a trav\u00e9s de su delegaci\u00f3n en Goya, est\u00e1 llevando adelante una serie de acciones en beneficio de los habitantes, especialmente en barrios perif\u00e9ricos y parajes rurales. Juan de la Cruz M\u00e1rquez, delegado del Ministerio, proporcion\u00f3 detalles sobre los operativos m\u00e9dicos asistenciales y la distribuci\u00f3n de m\u00f3dulos alimentarios que se realizan en conjunto con la Municipalidad.<\/p>\n<p class=\"x_MsoNormal\">&#8220;Este tipo de asistencia es fundamental, ya que el acceso a estos servicios puede ser limitado en muchas zonas rurales&#8221;, Destac\u00f3 el Delegado de Desarrollo Social en Goya<\/p>\n<p class=\"x_MsoNormal\">ACCIONES ARTICULADAS ENTRE MUNICIPIO Y PROVINCIA<\/p>\n<p class=\"x_MsoNormal\">En declaraciones radiales, el Delegado de Desarrollo Social destac\u00f3 la importancia de la colaboraci\u00f3n entre la provincia y el municipio para optimizar los recursos y brindar una asistencia m\u00e1s eficaz a quienes m\u00e1s lo necesitan. &#8220;Existe un trabajo coordinado con el equipo de Atenci\u00f3n Primaria de la Salud de la Municipalidad de Goya, lo que permite una mejor utilizaci\u00f3n de los recursos disponibles&#8221;, se\u00f1al\u00f3.<\/p>\n<p class=\"x_MsoNormal\">Uno de los objetivos principales de estos operativos es facilitar el acceso a la atenci\u00f3n primaria de la salud a los pobladores rurales, quienes a menudo enfrentan dificultades para trasladarse a la ciudad. &#8220;Buscamos acercar la atenci\u00f3n m\u00e9dica a los parajes rurales, evitando los costos y las complicaciones que implica para los vecinos conseguir un turno y viajar a Goya&#8221;, explic\u00f3 M\u00e1rquez.<\/p>\n<p class=\"x_MsoNormal\">El delegado del Ministerio de Desarrollo Social subray\u00f3 que estos operativos ofrecen atenci\u00f3n m\u00e9dica, medicamentos b\u00e1sicos y el acompa\u00f1amiento de un equipo de enfermeros y el personal de farmacia. &#8220;Este tipo de asistencia es fundamental, ya que el acceso a estos servicios puede ser limitado en muchas zonas rurales&#8221;, remarc\u00f3.<\/p>\n<p class=\"x_MsoNormal\">El funcionario provincial reconoci\u00f3 las dificultades que existen para establecer salitas de primeros auxilios en las zonas rurales, debido a la complejidad de contar con profesionales disponibles. &#8220;La falta de profesionales es uno de los principales obst\u00e1culos para ampliar la cobertura de atenci\u00f3n m\u00e9dica en el campo&#8221;, admiti\u00f3.<\/p>\n<p class=\"x_MsoNormal\">Ante esta situaci\u00f3n, el Ministerio de Desarrollo Social ha optado por trabajar en colaboraci\u00f3n con la Municipalidad, complementando la asistencia m\u00e9dica con la distribuci\u00f3n de m\u00f3dulos alimentarios. &#8220;Trabajamos en conjunto con la Municipalidad para brindar una asistencia integral a las familias que m\u00e1s lo necesitan&#8221;, explic\u00f3 M\u00e1rquez.<\/p>\n<p class=\"x_MsoNormal\">DISPOSITIVO MEDICO ASISTENCIAL DE MANERA SISTEM\u00c1TICA<\/p>\n<p class=\"x_MsoNormal\">El delegado del Ministerio de Desarrollo Social inform\u00f3 que los operativos en el campo se realizan de manera regular los martes y jueves, mientras que el resto de la semana la delegaci\u00f3n se traslada a los barrios perif\u00e9ricos de la ciudad. &#8220;Realizamos operativos tanto en zonas rurales como urbanas, adaptando nuestra estrategia a las necesidades de cada comunidad&#8221;, indic\u00f3.<\/p>\n<p class=\"x_MsoNormal\">M\u00e1rquez explic\u00f3 que se entregan los m\u00f3dulos alimentarios en escuelas, CIC y capillas para facilitar el acceso a quienes tienen dificultades para trasladarse. &#8220;Buscamos acercar el Estado a la gente, facilitando el acceso a los servicios y programas disponibles&#8221;, afirm\u00f3.<\/p>\n<p class=\"x_MsoNormal\">EL ESTADO CERCA DE LA GENTE<\/p>\n<p class=\"x_MsoNormal\">\u201cHay gente como la de paraje Rinc\u00f3n de G\u00f3mez, Santa Clara; La Soledad o Puerto, que tienen que pagar remis y les sale m\u00e1s caro, esta es la manera de acercar el Estado a la gente, y por lo menos ayudarlos en algo y hacemos el aporte que nos comprometemos a hacerlo lo mejor posible\u201d, recalc\u00f3.<\/p>\n<p class=\"x_MsoNormal\">\u201cEn el marco de los operativos, el martes estuvimos en paraje Los Ceibos, en la escuela 374, es un lugar donde confluye la gente de la zona y es un lugar a una distancia accesible\u201d, indic\u00f3.<\/p>\n<p class=\"x_MsoNormal\">OPERATIVO EN EL PARAJE SAN FRANCISCO<\/p>\n<p class=\"x_MsoNormal\">El delegado del Ministerio de Desarrollo Social anunci\u00f3 que este jueves 27 se realizar\u00e1 un operativo en el paraje San Francisco, ubicado a 15 kil\u00f3metros de San Isidro, sobre la costa. &#8220;Este jueves 27 se llevar\u00e1 a cabo un operativo en el paraje San Francisco, donde se brindar\u00e1 asistencia a los vecinos de la zona&#8221;, inform\u00f3.<\/p>\n<p class=\"x_MsoNormal\">El operativo asistencial y m\u00e9dico se realizar\u00e1 en la 3\u00aa Secci\u00f3n del Departamento Goya en la zona del Bajo, en el Paraje San Francisco, a partir de las 9 horas, en ese lugar se utiliza para facilitar el acceso de los pobladores del campo en un domicilio particular, la se\u00f1ora Delmira Aquino, que ofrece las condiciones para brindar la mayor comodidad a las familias rurales.<\/p>\n<p class=\"x_MsoNormal\">&#8220;Nuestro objetivo es brindar una asistencia integral a quienes m\u00e1s lo necesitan, trabajando en colaboraci\u00f3n con la Municipalidad y otras instituciones\u201d. Concluy\u00f3 Juan de la Cruz M\u00e1rquez delegado en Goya del Ministerio de Desarrollo Social<\/p>\n","protected":false},"excerpt":{"rendered":"<p>El Ministerio de Desarrollo Social, en coordinaci\u00f3n con la Municipalidad, implementa operativos m\u00e9dicos y entrega m\u00f3dulos alimentarios para garantizar el acceso a servicios esenciales. El jueves el dispositivo m\u00e9dico asistencial desde las 9 horas, se realizar\u00e1 en la 3\u00aa Secci\u00f3n Paraje San Francisco, en el domicilio de la Se\u00f1ora Delmira Aquino El Ministerio de Desarrollo [&hellip;]<\/p>\n","protected":false},"author":2,"featured_media":4269,"comment_status":"open","ping_status":"open","sticky":false,"template":"","format":"standard","meta":{"footnotes":""},"categories":[56],"tags":[],"class_list":{"0":"post-4268","1":"post","2":"type-post","3":"status-publish","4":"format-standard","5":"has-post-thumbnail","7":"category-locales"},"_links":{"self":[{"href":"https:\/\/elpueblonoticia.com.ar\/web\/wp-json\/wp\/v2\/posts\/4268","targetHints":{"allow":["GET"]}}],"collection":[{"href":"https:\/\/elpueblonoticia.com.ar\/web\/wp-json\/wp\/v2\/posts"}],"about":[{"href":"https:\/\/elpueblonoticia.com.ar\/web\/wp-json\/wp\/v2\/types\/post"}],"author":[{"embeddable":true,"href":"https:\/\/elpueblonoticia.com.ar\/web\/wp-json\/wp\/v2\/users\/2"}],"replies":[{"embeddable":true,"href":"https:\/\/elpueblonoticia.com.ar\/web\/wp-json\/wp\/v2\/comments?post=4268"}],"version-history":[{"count":1,"href":"https:\/\/elpueblonoticia.com.ar\/web\/wp-json\/wp\/v2\/posts\/4268\/revisions"}],"predecessor-version":[{"id":4271,"href":"https:\/\/elpueblonoticia.com.ar\/web\/wp-json\/wp\/v2\/posts\/4268\/revisions\/4271"}],"wp:featuredmedia":[{"embeddable":true,"href":"https:\/\/elpueblonoticia.com.ar\/web\/wp-json\/wp\/v2\/media\/4269"}],"wp:attachment":[{"href":"https:\/\/elpueblonoticia.com.ar\/web\/wp-json\/wp\/v2\/media?parent=4268"}],"wp:term":[{"taxonomy":"category","embeddable":true,"href":"https:\/\/elpueblonoticia.com.ar\/web\/wp-json\/wp\/v2\/categories?post=4268"},{"taxonomy":"post_tag","embeddable":true,"href":"https:\/\/elpueblonoticia.com.ar\/web\/wp-json\/wp\/v2\/tags?post=4268"}],"curies":[{"name":"wp","href":"https:\/\/api.w.org\/{rel}","templated":true}]}}