{"id":4263,"date":"2025-11-27T09:29:18","date_gmt":"2025-11-27T12:29:18","guid":{"rendered":"https:\/\/elpueblonoticia.com.ar\/web\/?p=4263"},"modified":"2025-11-27T09:29:18","modified_gmt":"2025-11-27T12:29:18","slug":"avanza-la-conformacion-de-sala-de-situacion-de-salud-mental","status":"publish","type":"post","link":"https:\/\/elpueblonoticia.com.ar\/web\/2025\/11\/27\/avanza-la-conformacion-de-sala-de-situacion-de-salud-mental\/","title":{"rendered":"AVANZA LA CONFORMACI\u00d3N DE SALA DE SITUACI\u00d3N DE SALUD MENTAL"},"content":{"rendered":"<p><img loading=\"lazy\" decoding=\"async\" class=\"alignnone  wp-image-4265\" src=\"https:\/\/elpueblonoticia.com.ar\/web\/wp-content\/uploads\/2025\/11\/FotoJet-25-300x250.jpg\" alt=\"\" width=\"943\" height=\"786\" srcset=\"https:\/\/elpueblonoticia.com.ar\/web\/wp-content\/uploads\/2025\/11\/FotoJet-25-300x250.jpg 300w, https:\/\/elpueblonoticia.com.ar\/web\/wp-content\/uploads\/2025\/11\/FotoJet-25-1024x855.jpg 1024w, https:\/\/elpueblonoticia.com.ar\/web\/wp-content\/uploads\/2025\/11\/FotoJet-25-768x641.jpg 768w, https:\/\/elpueblonoticia.com.ar\/web\/wp-content\/uploads\/2025\/11\/FotoJet-25-503x420.jpg 503w, https:\/\/elpueblonoticia.com.ar\/web\/wp-content\/uploads\/2025\/11\/FotoJet-25-696x581.jpg 696w, https:\/\/elpueblonoticia.com.ar\/web\/wp-content\/uploads\/2025\/11\/FotoJet-25-1068x891.jpg 1068w, https:\/\/elpueblonoticia.com.ar\/web\/wp-content\/uploads\/2025\/11\/FotoJet-25.jpg 1438w\" sizes=\"auto, (max-width: 943px) 100vw, 943px\" \/><\/p>\n<p class=\"x_MsoNormal\"><span lang=\"ES\" data-olk-copy-source=\"MessageBody\">En el mediod\u00eda de este mi\u00e9rcoles 26 de noviembre, en el Sal\u00f3n de Acuerdos de la Municipalidad de Goya, como estaba previsto se llev\u00f3 a cabo la reuni\u00f3n interdisciplinaria con el abordaje de Salud Mental<\/span><\/p>\n<p class=\"x_MsoNormal\"><span lang=\"ES\">Participaron diferentes \u00e1reas del municipio secretaria de Desarrollo Humano y Promoci\u00f3n Social; Subsecretar\u00eda de APS; Direcciones como de Prevenci\u00f3n de Adicciones; Direcci\u00f3n de Salud Mental; Direcci\u00f3n de la Mujer; de Fortalecimiento Familiar, de Derechos Humanos; del Centro \u201cPich\u00f3n Riviere\u201d. Adem\u00e1s, el director de Hospital Regional Goya, doctor Ra\u00fal Mart\u00ednez; de la Polic\u00eda de la Provincia de Corrientes de Comisaria Primera Comisario Mat\u00edas Castillo; la titular del Juzgado de Familia y Menores, jueza Silvina Racigh; del grupo \u201cAy\u00fadanos a Cuidar la Vida\u201d, equipo que conform\u00f3 el obispo integrado por rectores, fundaciones, instituciones intermedias; de la comunidad pastoral conformada por un grupo de docentes que realizan sus trabajos en eventos, colegios, comunidades.<\/span><\/p>\n<p class=\"x_MsoNormal\"><span lang=\"ES\">Tal como estaba estipulado para esta reuni\u00f3n la presentaci\u00f3n de \u201cRecurseros\u201d, Vanesa Morales -directora de Prevenci\u00f3n de Adicciones- hizo entrega de copias del recursero que dispone la Municipalidad de Goya a trav\u00e9s de las diferentes \u00e1reas con los servicios que prestan el municipio en el abordaje de Salud Mental. Del grupo &#8220;Ay\u00fadanos a Cuidar la Vida\u201d manifestaron que estaban terminando de elaborar el recursero para presentarlo a la brevedad.<\/span><\/p>\n<p class=\"x_MsoNormal\"><span lang=\"ES\">Durante el encuentro, tambi\u00e9n se destac\u00f3 la actividad a desarrollarse ma\u00f1ana desde las 18 horas en el Club de Emprendedores, una Capacitaci\u00f3n en \u201cComunicaci\u00f3n Comunitaria\u201d para periodistas, comunicadores, personal de redes sociales. Esta actividad organizada desde la Municipalidad de Goya que cuenta con el acompa\u00f1amiento de la APC (Asociaci\u00f3n de Periodistas de Corrientes).<\/span><\/p>\n<p class=\"x_MsoNormal\"><span lang=\"ES\">El trabajo que se viene desarrollando a trav\u00e9s de esta mesa con el objetivo de concientizar sobre esta problem\u00e1tica que atraviesa la comunidad, optimizando los recursos y espacios que se disponen en Goya para brindar asistencia a las personas que atraviesan esta problem\u00e1tica.<\/span><\/p>\n<p class=\"x_MsoNormal\"><span lang=\"ES\">Se manifest\u00f3 la importancia de la primera escucha donde se referencia el trabajo en comunidades para la prevenci\u00f3n y contenci\u00f3n, comentando la actividad que se desarrolla en la comunidad de San Ram\u00f3n.<\/span><\/p>\n<p class=\"x_MsoNormal\"><span lang=\"ES\">La propuesta para conformar una sala de situaci\u00f3n de Salud Mental que cuenta con la georeferenciaci\u00f3n, las estad\u00edsticas, los recurseros que dispone cada sector para lograr la optimizaci\u00f3n de los recursos.<\/span><\/p>\n<p class=\"x_MsoNormal\"><span lang=\"ES\">De esta manera, cumplir con un trabajo en red de acuerdo a un protocolo que articule las acciones e intervenciones para tratar de lograr dar respuestas m\u00e1s inmediatas ante cada caso de Salud Mental.<\/span><\/p>\n","protected":false},"excerpt":{"rendered":"<p>En el mediod\u00eda de este mi\u00e9rcoles 26 de noviembre, en el Sal\u00f3n de Acuerdos de la Municipalidad de Goya, como estaba previsto se llev\u00f3 a cabo la reuni\u00f3n interdisciplinaria con el abordaje de Salud Mental Participaron diferentes \u00e1reas del municipio secretaria de Desarrollo Humano y Promoci\u00f3n Social; Subsecretar\u00eda de APS; Direcciones como de Prevenci\u00f3n de [&hellip;]<\/p>\n","protected":false},"author":2,"featured_media":4264,"comment_status":"open","ping_status":"open","sticky":false,"template":"","format":"standard","meta":{"footnotes":""},"categories":[56],"tags":[],"class_list":{"0":"post-4263","1":"post","2":"type-post","3":"status-publish","4":"format-standard","5":"has-post-thumbnail","7":"category-locales"},"_links":{"self":[{"href":"https:\/\/elpueblonoticia.com.ar\/web\/wp-json\/wp\/v2\/posts\/4263","targetHints":{"allow":["GET"]}}],"collection":[{"href":"https:\/\/elpueblonoticia.com.ar\/web\/wp-json\/wp\/v2\/posts"}],"about":[{"href":"https:\/\/elpueblonoticia.com.ar\/web\/wp-json\/wp\/v2\/types\/post"}],"author":[{"embeddable":true,"href":"https:\/\/elpueblonoticia.com.ar\/web\/wp-json\/wp\/v2\/users\/2"}],"replies":[{"embeddable":true,"href":"https:\/\/elpueblonoticia.com.ar\/web\/wp-json\/wp\/v2\/comments?post=4263"}],"version-history":[{"count":1,"href":"https:\/\/elpueblonoticia.com.ar\/web\/wp-json\/wp\/v2\/posts\/4263\/revisions"}],"predecessor-version":[{"id":4266,"href":"https:\/\/elpueblonoticia.com.ar\/web\/wp-json\/wp\/v2\/posts\/4263\/revisions\/4266"}],"wp:featuredmedia":[{"embeddable":true,"href":"https:\/\/elpueblonoticia.com.ar\/web\/wp-json\/wp\/v2\/media\/4264"}],"wp:attachment":[{"href":"https:\/\/elpueblonoticia.com.ar\/web\/wp-json\/wp\/v2\/media?parent=4263"}],"wp:term":[{"taxonomy":"category","embeddable":true,"href":"https:\/\/elpueblonoticia.com.ar\/web\/wp-json\/wp\/v2\/categories?post=4263"},{"taxonomy":"post_tag","embeddable":true,"href":"https:\/\/elpueblonoticia.com.ar\/web\/wp-json\/wp\/v2\/tags?post=4263"}],"curies":[{"name":"wp","href":"https:\/\/api.w.org\/{rel}","templated":true}]}}