{"id":4247,"date":"2025-11-26T11:17:37","date_gmt":"2025-11-26T14:17:37","guid":{"rendered":"https:\/\/elpueblonoticia.com.ar\/web\/?p=4247"},"modified":"2025-11-26T11:17:37","modified_gmt":"2025-11-26T14:17:37","slug":"se-conocen-las-penas-contra-el-clan-sena-por-el-femicidio-de-cecilia-stryzsowski","status":"publish","type":"post","link":"https:\/\/elpueblonoticia.com.ar\/web\/2025\/11\/26\/se-conocen-las-penas-contra-el-clan-sena-por-el-femicidio-de-cecilia-stryzsowski\/","title":{"rendered":"Se conocen las penas contra el Clan Sena por el femicidio de Cecilia Stryzsowski"},"content":{"rendered":"<p>La audiencia comenzar\u00e1 a las 9 en la C\u00e1mara Segunda en lo Criminal. Se espera que Acu\u00f1a, Emerenciano y C\u00e9sar Sena reciban prisi\u00f3n perpetua.<\/p>\n<p>La audiencia de cesura en la que se conocer\u00e1n las penas contra Marcela Acu\u00f1a, Emerenciano y C\u00e9sar Sena por el femicidio de Cecilia Stryzsowski se realizar\u00e1 este mi\u00e9rcoles en la ciudad de Resistencia.<\/p>\n<p>Seg\u00fan informaron fuentes del caso a la Agencia Noticias Argentinas, la citaci\u00f3n es a partir de las 9 en la C\u00e1mara Segunda en lo Criminal, donde la jueza Dolly Fern\u00e1ndez leer\u00e1 las sentencias que recibir\u00e1n el clan, Gustavo Obreg\u00f3n, Gustavo Melgarejo y Fabiana Gonz\u00e1lez.<\/p>\n<p>El s\u00e1bado 15 de noviembre, C\u00e9sar Sena fue hallado culpable por unanimidad del delito de homicidio doblemente agravado por violencia de g\u00e9nero y el v\u00ednculo, en calidad de autor, mientras que el jurado popular declar\u00f3 la responsabilidad penal de Emerenciano y Marcela Acu\u00f1a como part\u00edcipes necesarios.<\/p>\n<p>Por su parte, a Obreg\u00f3n, Gonz\u00e1lez y Melgarejo se los encontr\u00f3 responsables por encubrimiento agravado, al tiempo que la \u00fanica absuelta fue Griselda Reinoso.<\/p>\n<p>Se espera que el Clan Sena reciba la pena de prisi\u00f3n perpetua dada la gravedad del il\u00edcito que es femicidio, de acuerdo al art\u00edculo 80 del C\u00f3digo Penal.<\/p>\n<h2 class=\"wp-block-heading\">El caso<\/h2>\n<p>La joven fue vista por \u00faltima vez el 2 de junio de 2023, cuando ingres\u00f3 a una vivienda que la familia Sena ten\u00eda en las afueras de Resistencia, pero nunca sali\u00f3, de acuerdo a las im\u00e1genes que aportaron las c\u00e1maras de seguridad ubicadas en el barrio.<\/p>\n<p>Si bien el cuerpo nunca apareci\u00f3, los fiscales reunieron pruebas suficientes para establecer que la mujer fue asesinada, descuartizada y luego carbonizada, mientras que sus restos fueron esparcidos en una zona aleda\u00f1a a la propiedad de sus suegros.vjn2Kg<\/p>\n<p>Este caso fue considerado como el m\u00e1s importante y el m\u00e1s impactante en la historia de la provincia, que tuvo alcance a nivel nacional, y que tambi\u00e9n destap\u00f3 el v\u00ednculo entre los condenados y algunos integrantes del poder pol\u00edtico chaque\u00f1o.<\/p>\n","protected":false},"excerpt":{"rendered":"<p>La audiencia comenzar\u00e1 a las 9 en la C\u00e1mara Segunda en lo Criminal. Se espera que Acu\u00f1a, Emerenciano y C\u00e9sar Sena reciban prisi\u00f3n perpetua. La audiencia de cesura en la que se conocer\u00e1n las penas contra Marcela Acu\u00f1a, Emerenciano y C\u00e9sar Sena por el femicidio de Cecilia Stryzsowski se realizar\u00e1 este mi\u00e9rcoles en la ciudad [&hellip;]<\/p>\n","protected":false},"author":2,"featured_media":4248,"comment_status":"open","ping_status":"open","sticky":false,"template":"","format":"standard","meta":{"footnotes":""},"categories":[78],"tags":[],"class_list":{"0":"post-4247","1":"post","2":"type-post","3":"status-publish","4":"format-standard","5":"has-post-thumbnail","7":"category-generales"},"_links":{"self":[{"href":"https:\/\/elpueblonoticia.com.ar\/web\/wp-json\/wp\/v2\/posts\/4247","targetHints":{"allow":["GET"]}}],"collection":[{"href":"https:\/\/elpueblonoticia.com.ar\/web\/wp-json\/wp\/v2\/posts"}],"about":[{"href":"https:\/\/elpueblonoticia.com.ar\/web\/wp-json\/wp\/v2\/types\/post"}],"author":[{"embeddable":true,"href":"https:\/\/elpueblonoticia.com.ar\/web\/wp-json\/wp\/v2\/users\/2"}],"replies":[{"embeddable":true,"href":"https:\/\/elpueblonoticia.com.ar\/web\/wp-json\/wp\/v2\/comments?post=4247"}],"version-history":[{"count":1,"href":"https:\/\/elpueblonoticia.com.ar\/web\/wp-json\/wp\/v2\/posts\/4247\/revisions"}],"predecessor-version":[{"id":4249,"href":"https:\/\/elpueblonoticia.com.ar\/web\/wp-json\/wp\/v2\/posts\/4247\/revisions\/4249"}],"wp:featuredmedia":[{"embeddable":true,"href":"https:\/\/elpueblonoticia.com.ar\/web\/wp-json\/wp\/v2\/media\/4248"}],"wp:attachment":[{"href":"https:\/\/elpueblonoticia.com.ar\/web\/wp-json\/wp\/v2\/media?parent=4247"}],"wp:term":[{"taxonomy":"category","embeddable":true,"href":"https:\/\/elpueblonoticia.com.ar\/web\/wp-json\/wp\/v2\/categories?post=4247"},{"taxonomy":"post_tag","embeddable":true,"href":"https:\/\/elpueblonoticia.com.ar\/web\/wp-json\/wp\/v2\/tags?post=4247"}],"curies":[{"name":"wp","href":"https:\/\/api.w.org\/{rel}","templated":true}]}}