{"id":4243,"date":"2025-11-26T11:02:12","date_gmt":"2025-11-26T14:02:12","guid":{"rendered":"https:\/\/elpueblonoticia.com.ar\/web\/?p=4243"},"modified":"2025-11-26T11:02:12","modified_gmt":"2025-11-26T14:02:12","slug":"la-fiscalia-presentaria-una-lista-de-702-testigos-en-una-audiencia-clave","status":"publish","type":"post","link":"https:\/\/elpueblonoticia.com.ar\/web\/2025\/11\/26\/la-fiscalia-presentaria-una-lista-de-702-testigos-en-una-audiencia-clave\/","title":{"rendered":"La fiscal\u00eda presentar\u00eda una lista de 702 testigos en una audiencia clave"},"content":{"rendered":"<div id=\"modalIntrotext\">\n<div>La fiscal\u00eda presentar\u00eda una lista de 702 testigos en una audiencia clave para el juicio por la desaparici\u00f3n de Loan. El Tribunal Oral Federal de Corrientes escuchar\u00e1 a querellantes y defensores el pr\u00f3ximo 27 de febrero.<\/div>\n<\/div>\n<div><\/div>\n<div>Tiene fecha la audiencia clave para el juicio oral por la sustracci\u00f3n de Loan Danilo Pe\u00f1a, el ni\u00f1o, de cinco a\u00f1os, desaparecido el 13 de junio de 2024, en el paraje El Algarrobal, en 9 de Julio, Corrientes.<\/p>\n<p>El Tribunal Oral Federal de Corrientes convoc\u00f3 para el 27 de febrero, a las 9.30, a la fiscal\u00eda, a las defensas de los 17 imputados y a los letrados de los padres del menor, Mar\u00eda Noguera y Jos\u00e9 Pe\u00f1a, para la audiencia de ofrecimiento de pruebas.<\/p>\n<p>Seg\u00fan fuentes judiciales, se trata de una instancia previa al juicio oral al que ser\u00e1n sometidos los 17 acusados por distintos niveles de responsabilidad en la desaparici\u00f3n del menor. En principio, la fiscal\u00eda requerir\u00eda que se presenten a declarar 702 testigos, aunque, en la audiencia del 27 de febrero pr\u00f3ximo, se podr\u00eda llegar a un acuerdo entre la partes y el tribunal para reducir esa cantidad.<\/p>\n<p>La necesidad de realizar el juicio el a\u00f1o pr\u00f3ximo se fund\u00f3 en que vencer\u00eda el plazo fijado por la Constituci\u00f3n Nacional que, en la reforma de 1994, incorpor\u00f3 el Pacto de San Jos\u00e9 de Costa Rica que estableci\u00f3 que una persona no puede estar detenida sin haber sometido a un juicio m\u00e1s de dos a\u00f1os.<\/p>\n<p>Luego de esa audiencia, los integrantes del Tribunal Oral Federal de Corrientes resolver\u00e1n si se fija la fecha para el comienzo del juicio y si, en caso de ser necesario, se ordenan nuevas pruebas como, por ejemplo reconstrucciones de los hechos en los que Loan fue sustra\u00eddo y del momento en que los acusados del encubrimiento llevaron a un hotel a los ni\u00f1os que estaban con el peque\u00f1o, en el sendero que hay entre la casa de la abuela y el naranjal.<\/p>\n<p>En la resoluci\u00f3n de tres p\u00e1ginas dictada por el Tribunal Oral Federal de Corrientes, tambi\u00e9n se dispuso \u201cacumular los expedientes 2157\/2024 y 2157\/2024\u2033. El primero de los sumarios tiene como acusados a Laudelina Pe\u00f1a, M\u00f3nica Carmen Millapi, Antonio Bernardino Ben\u00edtez, Daniel \u201cFierrito\u201d Ram\u00edrez, Mar\u00eda Victoria Caillava, Carlos P\u00e9rez y el comisario Walter Maciel. Los siete sospechosos est\u00e1n acusados de ser los presuntos autores materiales de la sustracci\u00f3n de Loan, ocurrida el 13 de junio de 2024 a las 14.20, en el camino, de 600 metros, entre el naranjal y la casa de su abuela.<\/p>\n<p>Mientras que el segundo sumario se inici\u00f3 a partir de una denuncia contra diez sospechosos que se presentaron en Nueve de Julio como supuestos integrantes de la Fundaci\u00f3n Lucio Dupuy y se vincularon con testigos y acusados. A estos diez sospechosos, la fiscal\u00eda federal los acus\u00f3 de haber realizado una serie de maniobras que ten\u00edan como objetivo desviar la investigaci\u00f3n.<\/p>\n<p>Al menos nueve de los diez imputados por el encubrimiento llegar\u00e1n al juicio oral en libertad. Mientras que el d\u00e9cimo acusado, quien se presentaba en Corrientes como agente de un organismo de seguridad de Estados Unidos, actualmente est\u00e1 detenido porque tiene otro proceso penal en su contra.<\/p>\n<p>Distinta es la situaci\u00f3n de los imputados por su presunta participaci\u00f3n directa en la sustracci\u00f3n de Loan. A excepci\u00f3n de Millapi, que tiene prisi\u00f3n domiciliaria, los otros seis acusados est\u00e1n detenidos desde el 20 de junio de 2024 en distintos penales federales del pa\u00eds.<\/p>\n<p>Al mismo tiempo, la investigaci\u00f3n de la desaparici\u00f3n de Loan se desarrolla en el terreno y otros tribunales. Por ejemplo, en Nueve de Julio siguen los rastrillajes ordenados por la jueza federal de Goya, Cristina Pozzer Penzo, en cuatro lagunas situadas en las adyacencias al paraje en el que el ni\u00f1o fue visto por \u00faltima vez.<\/p>\n<p>Uno de esos espejos de agua est\u00e1 cerca de una propiedad en la que fue visto un sospechoso cuya captura fue solicitada a la magistrada por los abogados que representan a los padres de Loan. Todav\u00eda la jueza no resolvi\u00f3 sobre la solicitud presentada por los letrados Mar\u00eda Bel\u00e9n Russo Cornara y Gustavo S\u00e1nchez.<\/p>\n<p>El nombre del nuevo sospechoso se mantendr\u00e1 en reserva hasta que la jueza establezca si corresponde o no la detenci\u00f3n. No obstante, fuentes de la investigaci\u00f3n indicaron que el sospechoso habr\u00eda tenido una participaci\u00f3n activa entre el 13 de junio a la noche y el 14 de junio a la madrugada, cuando Loan fue arrebatado del cuidado de su padre.<\/p>\n<p>\u201cLa declaraci\u00f3n del vecino present\u00f3 indicios claros de falsedad testimonial. Las contradicciones internas, la falta de coherencia en los relatos, las omisiones sobre participantes clave y el desconocimiento territorial en zonas que afirmaba conocer, permitieron sostener una hip\u00f3tesis de mendacidad en su testimonio. Las preguntas planteadas durante el contrainterrogatorio apuntaron a desenmascarar estas incongruencias y obligar al testigo a revelar aspectos que ha omitido mencionar o modific\u00f3 deliberadamente\u201d, explic\u00f3 uno de los asesores del equipo de abogados que representan a los padres de Loan.<\/p>\n<p>La nueva b\u00fasqueda de Loan comenz\u00f3 hace 18 d\u00edas y se realizar\u00e1 hasta el 30 de diciembre aunque podr\u00eda prorrogarse. Los rastrillajes se concentraron en cuatro espejos de agua situados alrededor del campo del matrimonio formado por Caillava y el capit\u00e1n de nav\u00edo retirado P\u00e9rez, en las inmediaciones del monte de eucaliptus situado al costado de la ruta provincial 113.<\/p>\n<p>Luego de analizar la informaci\u00f3n que figura en el voluminoso expediente y de revisar los informes de las b\u00fasquedas realizadas en los d\u00edas posteriores a la desaparici\u00f3n de Loan, los investigadores del Comando Unificado Corrientes (CUC) establecieron las coordenadas del \u00e1rea que comenz\u00f3 a ser revisada por buzos, que se abocaron a un rastrillaje al tacto en el lecho de cada laguna.<\/p>\n<p>Los rastrillajes est\u00e1n a cargo de los investigadores de las fuerzas federales de seguridad asignados al CUC, con apoyo del Sistema Federal de B\u00fasqueda de Personas Desaparecidas y Extraviadas (Sifebu), la Prefectura Naval Argentina, la Polic\u00eda Federal Argentina y la Polic\u00eda de Corrientes, con la direcci\u00f3n del juzgado federal.<\/p>\n<p>Hace una semana, los padres de Loan se presentaron ante la C\u00e1mara de Casaci\u00f3n Federal que debe resolver sobre el recurso extraordinario que se present\u00f3 contra la resoluci\u00f3n de la C\u00e1mara Federal de Corrientes que, el 29 de septiembre pasado, le hab\u00eda ordenado a la jueza Pozer Penzzo que cerrara la instrucci\u00f3n del caso Loan en los pr\u00f3ximos dos meses.<\/p>\n<p>A trav\u00e9s de sus abogados los padres de Loan insistieron con la necesidad de que se siga con la b\u00fasqueda del ni\u00f1o hasta agotar todas las instancias y pistas.<\/p>\n<p>La resoluci\u00f3n de la C\u00e1mara Federal de Corrientes tambi\u00e9n fue recurrida por el fiscal general ante dicho tribunal, Carlos Schaffer, que investiga la sustracci\u00f3n del ni\u00f1o con la colaboraci\u00f3n de la Procuradur\u00eda de Trata y Explotaci\u00f3n de Personas (PROTEX).<\/p>\n<p>Seg\u00fan inform\u00f3 el Ministerio P\u00fablico, el fiscal general Carlos Schaefer y los cotitulares de la PROTEX, Marcelo Colombo y Alejandra M\u00e1ngano, sostuvieron que \u201cel plazo otorgado resulta exiguo frente a la gravedad y complejidad del caso, en el que a\u00fan no se ha podido establecer el paradero del ni\u00f1o desaparecido\u201d.<\/p>\n<p>La C\u00e1mara de Casaci\u00f3n federal resolver\u00e1 en los pr\u00f3ximos d\u00edas sobre el recurso presentado por los representantes del Ministerio P\u00fablico y los padres de Loan.<\/p>\n<p>La Naci\u00f3n<\/p><\/div>\n","protected":false},"excerpt":{"rendered":"<p>La fiscal\u00eda presentar\u00eda una lista de 702 testigos en una audiencia clave para el juicio por la desaparici\u00f3n de Loan. El Tribunal Oral Federal de Corrientes escuchar\u00e1 a querellantes y defensores el pr\u00f3ximo 27 de febrero. Tiene fecha la audiencia clave para el juicio oral por la sustracci\u00f3n de Loan Danilo Pe\u00f1a, el ni\u00f1o, de [&hellip;]<\/p>\n","protected":false},"author":2,"featured_media":4244,"comment_status":"open","ping_status":"open","sticky":false,"template":"","format":"standard","meta":{"footnotes":""},"categories":[68],"tags":[],"class_list":{"0":"post-4243","1":"post","2":"type-post","3":"status-publish","4":"format-standard","5":"has-post-thumbnail","7":"category-policiales-nacionales"},"_links":{"self":[{"href":"https:\/\/elpueblonoticia.com.ar\/web\/wp-json\/wp\/v2\/posts\/4243","targetHints":{"allow":["GET"]}}],"collection":[{"href":"https:\/\/elpueblonoticia.com.ar\/web\/wp-json\/wp\/v2\/posts"}],"about":[{"href":"https:\/\/elpueblonoticia.com.ar\/web\/wp-json\/wp\/v2\/types\/post"}],"author":[{"embeddable":true,"href":"https:\/\/elpueblonoticia.com.ar\/web\/wp-json\/wp\/v2\/users\/2"}],"replies":[{"embeddable":true,"href":"https:\/\/elpueblonoticia.com.ar\/web\/wp-json\/wp\/v2\/comments?post=4243"}],"version-history":[{"count":1,"href":"https:\/\/elpueblonoticia.com.ar\/web\/wp-json\/wp\/v2\/posts\/4243\/revisions"}],"predecessor-version":[{"id":4245,"href":"https:\/\/elpueblonoticia.com.ar\/web\/wp-json\/wp\/v2\/posts\/4243\/revisions\/4245"}],"wp:featuredmedia":[{"embeddable":true,"href":"https:\/\/elpueblonoticia.com.ar\/web\/wp-json\/wp\/v2\/media\/4244"}],"wp:attachment":[{"href":"https:\/\/elpueblonoticia.com.ar\/web\/wp-json\/wp\/v2\/media?parent=4243"}],"wp:term":[{"taxonomy":"category","embeddable":true,"href":"https:\/\/elpueblonoticia.com.ar\/web\/wp-json\/wp\/v2\/categories?post=4243"},{"taxonomy":"post_tag","embeddable":true,"href":"https:\/\/elpueblonoticia.com.ar\/web\/wp-json\/wp\/v2\/tags?post=4243"}],"curies":[{"name":"wp","href":"https:\/\/api.w.org\/{rel}","templated":true}]}}