{"id":4239,"date":"2025-11-26T10:54:34","date_gmt":"2025-11-26T13:54:34","guid":{"rendered":"https:\/\/elpueblonoticia.com.ar\/web\/?p=4239"},"modified":"2025-11-26T10:54:34","modified_gmt":"2025-11-26T13:54:34","slug":"oficial-de-basquet-amad-y-atletico-saladas-los-ganadores-de-la-segunda-fecha-del-final-four","status":"publish","type":"post","link":"https:\/\/elpueblonoticia.com.ar\/web\/2025\/11\/26\/oficial-de-basquet-amad-y-atletico-saladas-los-ganadores-de-la-segunda-fecha-del-final-four\/","title":{"rendered":"Oficial de B\u00e1squet: AMAD y Atl\u00e9tico Saladas los ganadores de la segunda fecha del final four"},"content":{"rendered":"<p><img decoding=\"async\" src=\"https:\/\/www.powernoticias.com\/images\/202511261012369957\" \/><\/p>\n<p>En cancha del club Espa\u00f1ol de Santa Luc\u00eda, AMAD le gan\u00f3 a Uni\u00f3n y Atl\u00e9tico Saladas al equipo anfitri\u00f3n. Hoy mi\u00e9rcoles juegan de nuevo las formativas masculinas, en cancha de Centro Estrada de Bella Vista. El viernes desde las 21 se juega la final del oficial de primera divisi\u00f3n en el estadio del club AMAD.<\/p>\n<p>En la noche del martes 25, en instalaciones del club Espa\u00f1ol de la ciudad de Santa Luc\u00eda, los equipos de primera divisi\u00f3n masculino cumplieron con el segundo cruce programado en el Final Four del Torneo Oficial &#8220;90 Aniversario&#8221; de la categor\u00eda, organizado por la Asociaci\u00f3n Goyana de B\u00e1squet.<br \/>\nLuego de ardua batalla, AMAD se impuso a Uni\u00f3n y Atl\u00e9tico Saladas le gan\u00f3 sin mayores riesgos a Espa\u00f1ol.<\/p>\n<p>RESUMEN.<\/p>\n<p>AMAD 83 &#8211; UNI\u00d3N 71. Parciales: 16\/18 &#8211; 19\/26 &#8211; 20\/14 &#8211; 28\/13<\/p>\n<p>AMAD: Natalio Montti 7, Vicente Montti 15, Ignacio \u00c1lvarez 7, Tob\u00edas Colombo 7, Facundo Montti 15, Facundo Vicent\u00edn 4, Gonzalo Alen Vilas 1, Franco Piasentini 7, Tom\u00e1s Lacava 20. D.T. Juan Humberto L\u00f3pez R\u00edos.<\/p>\n<p>UNION: Joaqu\u00edn San Vicente 22, Facundo Rojas 10, Francisco Romero 7, Dar\u00edo Ib\u00e1\u00f1ez 7, Francisco Morales 5, Santiago Infante 2, Atilio Cuevas 18. D.T. Agust\u00edn Rojas<\/p>\n<p>ESPA\u00d1OL 56 &#8211; ATLETICO SALADAS 80. Parciales: 09\/18 &#8211; 21\/42 &#8211; 39\/57-<\/p>\n<p>ESPA\u00d1OL: Nahuel Cisneros 19, Juan Piasentini 5, Mart\u00edn Maidana 2, Francisco Barrientos, Carlos Yacuzzi 2, Jer\u00f3nimo Comaschi 3, Francisco Escobar 10, Ulises Escobar 12. D.T. Nahuel Cisneros<\/p>\n<p>ATLETICO SALADAS. Fabricio Pizzola 16, Agust\u00edn Niveyro 9, H\u00e9ctor Fochesatto 10, Gonzalo Spikerman 14, Mat\u00edas N\u00fa\u00f1ez 23, Enzo Borget 2, Leandro Fern\u00e1ndez 4, Tom\u00e1s G\u00f3mez 2. D.T. Roberto Mart\u00ednez.<\/p>\n<p>PROGRAMACI\u00d3N MI\u00c9RCOLES 26.11.25<\/p>\n<p>Cancha CENTRO ESTRADA &#8211; 20.30 horas &#8211; Categor\u00edas U15 y U17<\/p>\n<p>CENTRO ESTRADA vs. FOOTBALL<\/p>\n<p>Prensa AGDB<\/p>\n","protected":false},"excerpt":{"rendered":"<p>En cancha del club Espa\u00f1ol de Santa Luc\u00eda, AMAD le gan\u00f3 a Uni\u00f3n y Atl\u00e9tico Saladas al equipo anfitri\u00f3n. Hoy mi\u00e9rcoles juegan de nuevo las formativas masculinas, en cancha de Centro Estrada de Bella Vista. El viernes desde las 21 se juega la final del oficial de primera divisi\u00f3n en el estadio del club AMAD. [&hellip;]<\/p>\n","protected":false},"author":2,"featured_media":4240,"comment_status":"open","ping_status":"open","sticky":false,"template":"","format":"standard","meta":{"footnotes":""},"categories":[76],"tags":[],"class_list":{"0":"post-4239","1":"post","2":"type-post","3":"status-publish","4":"format-standard","5":"has-post-thumbnail","7":"category-deportes"},"_links":{"self":[{"href":"https:\/\/elpueblonoticia.com.ar\/web\/wp-json\/wp\/v2\/posts\/4239","targetHints":{"allow":["GET"]}}],"collection":[{"href":"https:\/\/elpueblonoticia.com.ar\/web\/wp-json\/wp\/v2\/posts"}],"about":[{"href":"https:\/\/elpueblonoticia.com.ar\/web\/wp-json\/wp\/v2\/types\/post"}],"author":[{"embeddable":true,"href":"https:\/\/elpueblonoticia.com.ar\/web\/wp-json\/wp\/v2\/users\/2"}],"replies":[{"embeddable":true,"href":"https:\/\/elpueblonoticia.com.ar\/web\/wp-json\/wp\/v2\/comments?post=4239"}],"version-history":[{"count":1,"href":"https:\/\/elpueblonoticia.com.ar\/web\/wp-json\/wp\/v2\/posts\/4239\/revisions"}],"predecessor-version":[{"id":4241,"href":"https:\/\/elpueblonoticia.com.ar\/web\/wp-json\/wp\/v2\/posts\/4239\/revisions\/4241"}],"wp:featuredmedia":[{"embeddable":true,"href":"https:\/\/elpueblonoticia.com.ar\/web\/wp-json\/wp\/v2\/media\/4240"}],"wp:attachment":[{"href":"https:\/\/elpueblonoticia.com.ar\/web\/wp-json\/wp\/v2\/media?parent=4239"}],"wp:term":[{"taxonomy":"category","embeddable":true,"href":"https:\/\/elpueblonoticia.com.ar\/web\/wp-json\/wp\/v2\/categories?post=4239"},{"taxonomy":"post_tag","embeddable":true,"href":"https:\/\/elpueblonoticia.com.ar\/web\/wp-json\/wp\/v2\/tags?post=4239"}],"curies":[{"name":"wp","href":"https:\/\/api.w.org\/{rel}","templated":true}]}}