{"id":4235,"date":"2025-11-26T10:45:28","date_gmt":"2025-11-26T13:45:28","guid":{"rendered":"https:\/\/elpueblonoticia.com.ar\/web\/?p=4235"},"modified":"2025-11-26T10:45:28","modified_gmt":"2025-11-26T13:45:28","slug":"encuentro-episcopal-del-nea","status":"publish","type":"post","link":"https:\/\/elpueblonoticia.com.ar\/web\/2025\/11\/26\/encuentro-episcopal-del-nea\/","title":{"rendered":"Encuentro Episcopal del NEA"},"content":{"rendered":"<p>Los obispos de la Regi\u00f3n Pastoral Nordeste Argentino (NEA) se encuentran reunidos en la ciudad de Resistencia, Chaco, en su habitual encuentro de fin de a\u00f1o. La jornada de trabajo se inici\u00f3 el martes 25 de noviembre y se extender\u00e1 hasta hoy, comenzando tras la celebraci\u00f3n Eucar\u00edstica en honor a Santa Catalina de Alejandr\u00eda.<\/p>\n<p>La reuni\u00f3n se est\u00e1 llevando a cabo en la capilla de la Casa de los Padres Redentoristas, dentro del \u00e1mbito de la parroquia \u00abLa Asunci\u00f3n\u00bb.<\/p>\n<p>Seg\u00fan se inform\u00f3, la agenda comenz\u00f3 con el tradicional intercambio pastoral, para luego enfocarse en la evaluaci\u00f3n de las actividades del a\u00f1o en curso y la programaci\u00f3n de las actividades pastorales para 2026 .<\/p>\n<p>La Regi\u00f3n Pastoral del NEA est\u00e1 integrada por los arzobispos Ram\u00f3n Dus (Resistencia) y Jos\u00e9 Larregain OFM (Corrientes), y los obispos (Nicol\u00e1s Baisi Puerto Iguaz\u00fa), \u00c1ngel Jos\u00e9 Mac\u00edn (Reconquista) Dami\u00e1n Bitar (Ober\u00e1), Rub\u00e9n Mart\u00ednez (Posadas), Jos\u00e9 Conejero Gallego (Formosa), Hugo B\u00e1rbaro (Roque S\u00e1enz Pe\u00f1a), Adolfo Canec\u00edn (Goya) y Gustavo Montini (Santo Tom\u00e9).+<\/p>\n<p>La Oficina de Prensa del Obispado ha emitido una invitaci\u00f3n a toda la feligres\u00eda para \u00abacompa\u00f1ar a los pastores con su oraci\u00f3n, para que el Esp\u00edritu Santo los asista en su discernimiento y la Virgen Mar\u00eda de Itat\u00ed los cuide en la unidad y sostenga en la esperanza\u00bb.-<\/p>\n","protected":false},"excerpt":{"rendered":"<p>Los obispos de la Regi\u00f3n Pastoral Nordeste Argentino (NEA) se encuentran reunidos en la ciudad de Resistencia, Chaco, en su habitual encuentro de fin de a\u00f1o. La jornada de trabajo se inici\u00f3 el martes 25 de noviembre y se extender\u00e1 hasta hoy, comenzando tras la celebraci\u00f3n Eucar\u00edstica en honor a Santa Catalina de Alejandr\u00eda. La [&hellip;]<\/p>\n","protected":false},"author":2,"featured_media":4236,"comment_status":"open","ping_status":"open","sticky":false,"template":"","format":"standard","meta":{"footnotes":""},"categories":[78],"tags":[],"class_list":{"0":"post-4235","1":"post","2":"type-post","3":"status-publish","4":"format-standard","5":"has-post-thumbnail","7":"category-generales"},"_links":{"self":[{"href":"https:\/\/elpueblonoticia.com.ar\/web\/wp-json\/wp\/v2\/posts\/4235","targetHints":{"allow":["GET"]}}],"collection":[{"href":"https:\/\/elpueblonoticia.com.ar\/web\/wp-json\/wp\/v2\/posts"}],"about":[{"href":"https:\/\/elpueblonoticia.com.ar\/web\/wp-json\/wp\/v2\/types\/post"}],"author":[{"embeddable":true,"href":"https:\/\/elpueblonoticia.com.ar\/web\/wp-json\/wp\/v2\/users\/2"}],"replies":[{"embeddable":true,"href":"https:\/\/elpueblonoticia.com.ar\/web\/wp-json\/wp\/v2\/comments?post=4235"}],"version-history":[{"count":1,"href":"https:\/\/elpueblonoticia.com.ar\/web\/wp-json\/wp\/v2\/posts\/4235\/revisions"}],"predecessor-version":[{"id":4237,"href":"https:\/\/elpueblonoticia.com.ar\/web\/wp-json\/wp\/v2\/posts\/4235\/revisions\/4237"}],"wp:featuredmedia":[{"embeddable":true,"href":"https:\/\/elpueblonoticia.com.ar\/web\/wp-json\/wp\/v2\/media\/4236"}],"wp:attachment":[{"href":"https:\/\/elpueblonoticia.com.ar\/web\/wp-json\/wp\/v2\/media?parent=4235"}],"wp:term":[{"taxonomy":"category","embeddable":true,"href":"https:\/\/elpueblonoticia.com.ar\/web\/wp-json\/wp\/v2\/categories?post=4235"},{"taxonomy":"post_tag","embeddable":true,"href":"https:\/\/elpueblonoticia.com.ar\/web\/wp-json\/wp\/v2\/tags?post=4235"}],"curies":[{"name":"wp","href":"https:\/\/api.w.org\/{rel}","templated":true}]}}