{"id":4223,"date":"2025-11-26T10:21:22","date_gmt":"2025-11-26T13:21:22","guid":{"rendered":"https:\/\/elpueblonoticia.com.ar\/web\/?p=4223"},"modified":"2025-11-26T10:21:22","modified_gmt":"2025-11-26T13:21:22","slug":"informe-de-gestion","status":"publish","type":"post","link":"https:\/\/elpueblonoticia.com.ar\/web\/2025\/11\/26\/informe-de-gestion\/","title":{"rendered":"INFORME DE GESTI\u00d3N"},"content":{"rendered":"<p class=\"x_MsoNormal\" data-olk-copy-source=\"MessageBody\">El Dr. Mariano Hormaechea, intendente municipal, este mi\u00e9rcoles 26 de noviembre a las 19,30 horas, en el SUM Coqui Correa de Costa Surub\u00ed brindar\u00e1 un informe de gesti\u00f3n de estos 4 a\u00f1os al frente de la administraci\u00f3n municipal.<\/p>\n<p class=\"x_MsoNormal\">Mediante el mismo se detallar\u00e1n las acciones llevadas adelante, logros obtenidos, gracias a un trabajo en equipo con el compromiso demostrado en los hechos y la confianza adquirida en los resultados. Estas gestiones que lleva adelante este proyecto pol\u00edtico se evidencian en la relaci\u00f3n con los vecinos, comisiones barriales, instituciones, organizaciones, y la articulaci\u00f3n de las diferentes \u00e1reas del Ejecutivo Municipal.<\/p>\n<p class=\"x_MsoNormal\">La invitaci\u00f3n es abierta, especialmente para la prensa, consejos vecinales, organizaciones de la sociedad civil, este mi\u00e9rcoles 26 a las 19,30 horas, en el SUM \u201cCoqui Correa\u201d del Predio Costa Surub\u00ed.<\/p>\n","protected":false},"excerpt":{"rendered":"<p>El Dr. Mariano Hormaechea, intendente municipal, este mi\u00e9rcoles 26 de noviembre a las 19,30 horas, en el SUM Coqui Correa de Costa Surub\u00ed brindar\u00e1 un informe de gesti\u00f3n de estos 4 a\u00f1os al frente de la administraci\u00f3n municipal. Mediante el mismo se detallar\u00e1n las acciones llevadas adelante, logros obtenidos, gracias a un trabajo en equipo [&hellip;]<\/p>\n","protected":false},"author":2,"featured_media":4224,"comment_status":"open","ping_status":"open","sticky":false,"template":"","format":"standard","meta":{"footnotes":""},"categories":[56],"tags":[],"class_list":{"0":"post-4223","1":"post","2":"type-post","3":"status-publish","4":"format-standard","5":"has-post-thumbnail","7":"category-locales"},"_links":{"self":[{"href":"https:\/\/elpueblonoticia.com.ar\/web\/wp-json\/wp\/v2\/posts\/4223","targetHints":{"allow":["GET"]}}],"collection":[{"href":"https:\/\/elpueblonoticia.com.ar\/web\/wp-json\/wp\/v2\/posts"}],"about":[{"href":"https:\/\/elpueblonoticia.com.ar\/web\/wp-json\/wp\/v2\/types\/post"}],"author":[{"embeddable":true,"href":"https:\/\/elpueblonoticia.com.ar\/web\/wp-json\/wp\/v2\/users\/2"}],"replies":[{"embeddable":true,"href":"https:\/\/elpueblonoticia.com.ar\/web\/wp-json\/wp\/v2\/comments?post=4223"}],"version-history":[{"count":1,"href":"https:\/\/elpueblonoticia.com.ar\/web\/wp-json\/wp\/v2\/posts\/4223\/revisions"}],"predecessor-version":[{"id":4225,"href":"https:\/\/elpueblonoticia.com.ar\/web\/wp-json\/wp\/v2\/posts\/4223\/revisions\/4225"}],"wp:featuredmedia":[{"embeddable":true,"href":"https:\/\/elpueblonoticia.com.ar\/web\/wp-json\/wp\/v2\/media\/4224"}],"wp:attachment":[{"href":"https:\/\/elpueblonoticia.com.ar\/web\/wp-json\/wp\/v2\/media?parent=4223"}],"wp:term":[{"taxonomy":"category","embeddable":true,"href":"https:\/\/elpueblonoticia.com.ar\/web\/wp-json\/wp\/v2\/categories?post=4223"},{"taxonomy":"post_tag","embeddable":true,"href":"https:\/\/elpueblonoticia.com.ar\/web\/wp-json\/wp\/v2\/tags?post=4223"}],"curies":[{"name":"wp","href":"https:\/\/api.w.org\/{rel}","templated":true}]}}