{"id":4202,"date":"2025-11-26T09:59:00","date_gmt":"2025-11-26T12:59:00","guid":{"rendered":"https:\/\/elpueblonoticia.com.ar\/web\/?p=4202"},"modified":"2025-11-26T09:59:00","modified_gmt":"2025-11-26T12:59:00","slug":"sabores-que-unen","status":"publish","type":"post","link":"https:\/\/elpueblonoticia.com.ar\/web\/2025\/11\/26\/sabores-que-unen\/","title":{"rendered":"SABORES QUE UNEN"},"content":{"rendered":"<p data-olk-copy-source=\"MessageBody\"><img loading=\"lazy\" decoding=\"async\" class=\"alignnone size-medium wp-image-4204\" src=\"https:\/\/elpueblonoticia.com.ar\/web\/wp-content\/uploads\/2025\/11\/exposicion-gastronomica-escuela-Virasoro-2-degustacion-300x209.jpg\" alt=\"\" width=\"300\" height=\"209\" srcset=\"https:\/\/elpueblonoticia.com.ar\/web\/wp-content\/uploads\/2025\/11\/exposicion-gastronomica-escuela-Virasoro-2-degustacion-300x209.jpg 300w, https:\/\/elpueblonoticia.com.ar\/web\/wp-content\/uploads\/2025\/11\/exposicion-gastronomica-escuela-Virasoro-2-degustacion-1024x713.jpg 1024w, https:\/\/elpueblonoticia.com.ar\/web\/wp-content\/uploads\/2025\/11\/exposicion-gastronomica-escuela-Virasoro-2-degustacion-768x534.jpg 768w, https:\/\/elpueblonoticia.com.ar\/web\/wp-content\/uploads\/2025\/11\/exposicion-gastronomica-escuela-Virasoro-2-degustacion-604x420.jpg 604w, https:\/\/elpueblonoticia.com.ar\/web\/wp-content\/uploads\/2025\/11\/exposicion-gastronomica-escuela-Virasoro-2-degustacion-696x484.jpg 696w, https:\/\/elpueblonoticia.com.ar\/web\/wp-content\/uploads\/2025\/11\/exposicion-gastronomica-escuela-Virasoro-2-degustacion-1068x743.jpg 1068w, https:\/\/elpueblonoticia.com.ar\/web\/wp-content\/uploads\/2025\/11\/exposicion-gastronomica-escuela-Virasoro-2-degustacion-100x70.jpg 100w, https:\/\/elpueblonoticia.com.ar\/web\/wp-content\/uploads\/2025\/11\/exposicion-gastronomica-escuela-Virasoro-2-degustacion.jpg 1526w\" sizes=\"auto, (max-width: 300px) 100vw, 300px\" \/><img loading=\"lazy\" decoding=\"async\" class=\"alignnone size-medium wp-image-4205\" src=\"https:\/\/elpueblonoticia.com.ar\/web\/wp-content\/uploads\/2025\/11\/exposicion-gastronomica-escuela-Virasoro-3-300x169.jpg\" alt=\"\" width=\"300\" height=\"169\" srcset=\"https:\/\/elpueblonoticia.com.ar\/web\/wp-content\/uploads\/2025\/11\/exposicion-gastronomica-escuela-Virasoro-3-300x169.jpg 300w, https:\/\/elpueblonoticia.com.ar\/web\/wp-content\/uploads\/2025\/11\/exposicion-gastronomica-escuela-Virasoro-3-1024x576.jpg 1024w, https:\/\/elpueblonoticia.com.ar\/web\/wp-content\/uploads\/2025\/11\/exposicion-gastronomica-escuela-Virasoro-3-768x432.jpg 768w, https:\/\/elpueblonoticia.com.ar\/web\/wp-content\/uploads\/2025\/11\/exposicion-gastronomica-escuela-Virasoro-3-1536x864.jpg 1536w, https:\/\/elpueblonoticia.com.ar\/web\/wp-content\/uploads\/2025\/11\/exposicion-gastronomica-escuela-Virasoro-3-747x420.jpg 747w, https:\/\/elpueblonoticia.com.ar\/web\/wp-content\/uploads\/2025\/11\/exposicion-gastronomica-escuela-Virasoro-3-696x391.jpg 696w, https:\/\/elpueblonoticia.com.ar\/web\/wp-content\/uploads\/2025\/11\/exposicion-gastronomica-escuela-Virasoro-3-1068x600.jpg 1068w, https:\/\/elpueblonoticia.com.ar\/web\/wp-content\/uploads\/2025\/11\/exposicion-gastronomica-escuela-Virasoro-3.jpg 1599w\" sizes=\"auto, (max-width: 300px) 100vw, 300px\" \/><img loading=\"lazy\" decoding=\"async\" class=\"alignnone size-medium wp-image-4206\" src=\"https:\/\/elpueblonoticia.com.ar\/web\/wp-content\/uploads\/2025\/11\/exposicion-gastronomica-escuela-Virasoro-1-Entrega-resolucion-300x295.jpg\" alt=\"\" width=\"300\" height=\"295\" srcset=\"https:\/\/elpueblonoticia.com.ar\/web\/wp-content\/uploads\/2025\/11\/exposicion-gastronomica-escuela-Virasoro-1-Entrega-resolucion-300x295.jpg 300w, https:\/\/elpueblonoticia.com.ar\/web\/wp-content\/uploads\/2025\/11\/exposicion-gastronomica-escuela-Virasoro-1-Entrega-resolucion-1024x1006.jpg 1024w, https:\/\/elpueblonoticia.com.ar\/web\/wp-content\/uploads\/2025\/11\/exposicion-gastronomica-escuela-Virasoro-1-Entrega-resolucion-768x754.jpg 768w, https:\/\/elpueblonoticia.com.ar\/web\/wp-content\/uploads\/2025\/11\/exposicion-gastronomica-escuela-Virasoro-1-Entrega-resolucion-428x420.jpg 428w, https:\/\/elpueblonoticia.com.ar\/web\/wp-content\/uploads\/2025\/11\/exposicion-gastronomica-escuela-Virasoro-1-Entrega-resolucion-696x684.jpg 696w, https:\/\/elpueblonoticia.com.ar\/web\/wp-content\/uploads\/2025\/11\/exposicion-gastronomica-escuela-Virasoro-1-Entrega-resolucion-1068x1049.jpg 1068w, https:\/\/elpueblonoticia.com.ar\/web\/wp-content\/uploads\/2025\/11\/exposicion-gastronomica-escuela-Virasoro-1-Entrega-resolucion.jpg 1514w\" sizes=\"auto, (max-width: 300px) 100vw, 300px\" \/><\/p>\n<p class=\"x_MsoNormal\" data-olk-copy-source=\"MessageBody\">En la tarde del martes, en el local de la Escuela T\u00e9cnica \u201cValent\u00edn Virasoro\u201d se realiz\u00f3 la 5\u00aa edici\u00f3n de la muestra y degustaci\u00f3n gastron\u00f3mica organizada por estudiantes y docentes de las Formaciones Profesionales de Cocina y Pasteler\u00eda del mencionado establecimiento educativo.<\/p>\n<p class=\"x_MsoNormal\">El SUM de la mencionada escuela, en su nuevo edificio, fue el escenario elegido para reafirmar la calidad en el arte culinario como una expresi\u00f3n de identidad a partir de los sabores de cada plato elaborado y la creatividad para su elaboraci\u00f3n.<\/p>\n<p class=\"x_MsoNormal\">La referida muestra cont\u00f3 adem\u00e1s con el acompa\u00f1amiento municipal, del Club de Emprendedores; siendo declarada de Inter\u00e9s por el HCD de la Municipalidad de Goya. En ese sentido, la vicepresidente 2\u00aa del cuerpo deliberativo, la concejal Vivian Merlo, hizo entrega a las autoridades escolares de la copia de la mencionada resoluci\u00f3n.<\/p>\n<p class=\"x_MsoNormal\">La muestra gastron\u00f3mica busca fortalecer los conocimientos adquiridos durante el proceso de aprendizaje, con la finalidad de revalorizar la creatividad en la cocina, los sabores y texturas otorgando un elemento clave: la oportunidad de proyectar sus propios emprendimientos o negocios, para obtener resultados econ\u00f3micos una vez concluida la etapa de estudio en la escuela t\u00e9cnica.<\/p>\n<p class=\"x_MsoNormal\">De la degustaci\u00f3n de esos sabores que unen, de cada plato elaborado, han participado emprendedores gastron\u00f3micos, funcionarios municipales, comerciantes y docentes.<\/p>\n<p class=\"x_MsoNormal\">La muestra p\u00fablica de esta 5\u00aa edici\u00f3n ha tenido la finalidad de poner en valor el espacio acad\u00e9mico, de formaci\u00f3n, la generaci\u00f3n de oportunidades para convertir al estudiante en un emprendedor capaz de originar su propio proyecto o negocio, afrontar la realidad diaria y obtener resultados que contribuyan a su econom\u00eda personal, social y familiar.<\/p>\n<p class=\"x_MsoNormal\">NORMA SILVA<\/p>\n<p class=\"x_MsoNormal\">La rectora del establecimiento, Norma Silva, en la apertura de la muestra agradeci\u00f3 el acompa\u00f1amiento de funcionarios, concejales, emprendedores, comerciantes, para luego expresar: \u201cEs un orgullo poder desarrollar esta exposici\u00f3n, esta muestra, disfruten de la calidad y creatividad de nuestros estudiantes en la preparaci\u00f3n de estos \u201cSabores que nos unen\u201d.<\/p>\n<p class=\"x_MsoNormal\">Tras la bienvenida, los visitantes recorrieron los lugares establecidos en la muestra de cada elaboraci\u00f3n gastron\u00f3mica preparada por los estudiantes de la formaci\u00f3n profesional en cocina y pasteler\u00eda, recreando un verdadero espacio &#8220;gourmet &#8220;en el SUM de la Escuela T\u00e9cnica Valent\u00edn Virasoro.<\/p>\n","protected":false},"excerpt":{"rendered":"<p>En la tarde del martes, en el local de la Escuela T\u00e9cnica \u201cValent\u00edn Virasoro\u201d se realiz\u00f3 la 5\u00aa edici\u00f3n de la muestra y degustaci\u00f3n gastron\u00f3mica organizada por estudiantes y docentes de las Formaciones Profesionales de Cocina y Pasteler\u00eda del mencionado establecimiento educativo. El SUM de la mencionada escuela, en su nuevo edificio, fue el escenario [&hellip;]<\/p>\n","protected":false},"author":2,"featured_media":4203,"comment_status":"open","ping_status":"open","sticky":false,"template":"","format":"standard","meta":{"footnotes":""},"categories":[56],"tags":[],"class_list":{"0":"post-4202","1":"post","2":"type-post","3":"status-publish","4":"format-standard","5":"has-post-thumbnail","7":"category-locales"},"_links":{"self":[{"href":"https:\/\/elpueblonoticia.com.ar\/web\/wp-json\/wp\/v2\/posts\/4202","targetHints":{"allow":["GET"]}}],"collection":[{"href":"https:\/\/elpueblonoticia.com.ar\/web\/wp-json\/wp\/v2\/posts"}],"about":[{"href":"https:\/\/elpueblonoticia.com.ar\/web\/wp-json\/wp\/v2\/types\/post"}],"author":[{"embeddable":true,"href":"https:\/\/elpueblonoticia.com.ar\/web\/wp-json\/wp\/v2\/users\/2"}],"replies":[{"embeddable":true,"href":"https:\/\/elpueblonoticia.com.ar\/web\/wp-json\/wp\/v2\/comments?post=4202"}],"version-history":[{"count":1,"href":"https:\/\/elpueblonoticia.com.ar\/web\/wp-json\/wp\/v2\/posts\/4202\/revisions"}],"predecessor-version":[{"id":4207,"href":"https:\/\/elpueblonoticia.com.ar\/web\/wp-json\/wp\/v2\/posts\/4202\/revisions\/4207"}],"wp:featuredmedia":[{"embeddable":true,"href":"https:\/\/elpueblonoticia.com.ar\/web\/wp-json\/wp\/v2\/media\/4203"}],"wp:attachment":[{"href":"https:\/\/elpueblonoticia.com.ar\/web\/wp-json\/wp\/v2\/media?parent=4202"}],"wp:term":[{"taxonomy":"category","embeddable":true,"href":"https:\/\/elpueblonoticia.com.ar\/web\/wp-json\/wp\/v2\/categories?post=4202"},{"taxonomy":"post_tag","embeddable":true,"href":"https:\/\/elpueblonoticia.com.ar\/web\/wp-json\/wp\/v2\/tags?post=4202"}],"curies":[{"name":"wp","href":"https:\/\/api.w.org\/{rel}","templated":true}]}}