{"id":4195,"date":"2025-11-26T09:47:19","date_gmt":"2025-11-26T12:47:19","guid":{"rendered":"https:\/\/elpueblonoticia.com.ar\/web\/?p=4195"},"modified":"2025-11-26T09:47:19","modified_gmt":"2025-11-26T12:47:19","slug":"taller-fortalecimiento-familiar-el-que-ama-cuida","status":"publish","type":"post","link":"https:\/\/elpueblonoticia.com.ar\/web\/2025\/11\/26\/taller-fortalecimiento-familiar-el-que-ama-cuida\/","title":{"rendered":"TALLER \u201cFORTALECIMIENTO FAMILIAR: EL QUE AMA, CUIDA\u201d"},"content":{"rendered":"<p data-olk-copy-source=\"MessageBody\"><img loading=\"lazy\" decoding=\"async\" class=\"alignnone size-medium wp-image-4197\" src=\"https:\/\/elpueblonoticia.com.ar\/web\/wp-content\/uploads\/2025\/11\/TALLER-EN-EL-DTC-FORTALECIMIENTO-FAMILIAR-2-300x200.jpg\" alt=\"\" width=\"300\" height=\"200\" srcset=\"https:\/\/elpueblonoticia.com.ar\/web\/wp-content\/uploads\/2025\/11\/TALLER-EN-EL-DTC-FORTALECIMIENTO-FAMILIAR-2-300x200.jpg 300w, https:\/\/elpueblonoticia.com.ar\/web\/wp-content\/uploads\/2025\/11\/TALLER-EN-EL-DTC-FORTALECIMIENTO-FAMILIAR-2-1024x683.jpg 1024w, https:\/\/elpueblonoticia.com.ar\/web\/wp-content\/uploads\/2025\/11\/TALLER-EN-EL-DTC-FORTALECIMIENTO-FAMILIAR-2-768x512.jpg 768w, https:\/\/elpueblonoticia.com.ar\/web\/wp-content\/uploads\/2025\/11\/TALLER-EN-EL-DTC-FORTALECIMIENTO-FAMILIAR-2-1536x1024.jpg 1536w, https:\/\/elpueblonoticia.com.ar\/web\/wp-content\/uploads\/2025\/11\/TALLER-EN-EL-DTC-FORTALECIMIENTO-FAMILIAR-2-630x420.jpg 630w, https:\/\/elpueblonoticia.com.ar\/web\/wp-content\/uploads\/2025\/11\/TALLER-EN-EL-DTC-FORTALECIMIENTO-FAMILIAR-2-696x464.jpg 696w, https:\/\/elpueblonoticia.com.ar\/web\/wp-content\/uploads\/2025\/11\/TALLER-EN-EL-DTC-FORTALECIMIENTO-FAMILIAR-2-1068x712.jpg 1068w, https:\/\/elpueblonoticia.com.ar\/web\/wp-content\/uploads\/2025\/11\/TALLER-EN-EL-DTC-FORTALECIMIENTO-FAMILIAR-2.jpg 1599w\" sizes=\"auto, (max-width: 300px) 100vw, 300px\" \/><img loading=\"lazy\" decoding=\"async\" class=\"alignnone size-medium wp-image-4198\" src=\"https:\/\/elpueblonoticia.com.ar\/web\/wp-content\/uploads\/2025\/11\/TALLER-EN-EL-DTC-FORTALECIMIENTO-FAMILIAR-4-300x200.jpg\" alt=\"\" width=\"300\" height=\"200\" srcset=\"https:\/\/elpueblonoticia.com.ar\/web\/wp-content\/uploads\/2025\/11\/TALLER-EN-EL-DTC-FORTALECIMIENTO-FAMILIAR-4-300x200.jpg 300w, https:\/\/elpueblonoticia.com.ar\/web\/wp-content\/uploads\/2025\/11\/TALLER-EN-EL-DTC-FORTALECIMIENTO-FAMILIAR-4-1024x683.jpg 1024w, https:\/\/elpueblonoticia.com.ar\/web\/wp-content\/uploads\/2025\/11\/TALLER-EN-EL-DTC-FORTALECIMIENTO-FAMILIAR-4-768x512.jpg 768w, https:\/\/elpueblonoticia.com.ar\/web\/wp-content\/uploads\/2025\/11\/TALLER-EN-EL-DTC-FORTALECIMIENTO-FAMILIAR-4-1536x1024.jpg 1536w, https:\/\/elpueblonoticia.com.ar\/web\/wp-content\/uploads\/2025\/11\/TALLER-EN-EL-DTC-FORTALECIMIENTO-FAMILIAR-4-630x420.jpg 630w, https:\/\/elpueblonoticia.com.ar\/web\/wp-content\/uploads\/2025\/11\/TALLER-EN-EL-DTC-FORTALECIMIENTO-FAMILIAR-4-696x464.jpg 696w, https:\/\/elpueblonoticia.com.ar\/web\/wp-content\/uploads\/2025\/11\/TALLER-EN-EL-DTC-FORTALECIMIENTO-FAMILIAR-4-1068x712.jpg 1068w, https:\/\/elpueblonoticia.com.ar\/web\/wp-content\/uploads\/2025\/11\/TALLER-EN-EL-DTC-FORTALECIMIENTO-FAMILIAR-4.jpg 1599w\" sizes=\"auto, (max-width: 300px) 100vw, 300px\" \/><img loading=\"lazy\" decoding=\"async\" class=\"alignnone size-medium wp-image-4199\" src=\"https:\/\/elpueblonoticia.com.ar\/web\/wp-content\/uploads\/2025\/11\/TALLER-EN-EL-DTC-FORTALECIMIENTO-FAMILIAR-3-300x200.jpg\" alt=\"\" width=\"300\" height=\"200\" srcset=\"https:\/\/elpueblonoticia.com.ar\/web\/wp-content\/uploads\/2025\/11\/TALLER-EN-EL-DTC-FORTALECIMIENTO-FAMILIAR-3-300x200.jpg 300w, https:\/\/elpueblonoticia.com.ar\/web\/wp-content\/uploads\/2025\/11\/TALLER-EN-EL-DTC-FORTALECIMIENTO-FAMILIAR-3-1024x683.jpg 1024w, https:\/\/elpueblonoticia.com.ar\/web\/wp-content\/uploads\/2025\/11\/TALLER-EN-EL-DTC-FORTALECIMIENTO-FAMILIAR-3-768x512.jpg 768w, https:\/\/elpueblonoticia.com.ar\/web\/wp-content\/uploads\/2025\/11\/TALLER-EN-EL-DTC-FORTALECIMIENTO-FAMILIAR-3-1536x1024.jpg 1536w, https:\/\/elpueblonoticia.com.ar\/web\/wp-content\/uploads\/2025\/11\/TALLER-EN-EL-DTC-FORTALECIMIENTO-FAMILIAR-3-630x420.jpg 630w, https:\/\/elpueblonoticia.com.ar\/web\/wp-content\/uploads\/2025\/11\/TALLER-EN-EL-DTC-FORTALECIMIENTO-FAMILIAR-3-696x464.jpg 696w, https:\/\/elpueblonoticia.com.ar\/web\/wp-content\/uploads\/2025\/11\/TALLER-EN-EL-DTC-FORTALECIMIENTO-FAMILIAR-3-1068x712.jpg 1068w, https:\/\/elpueblonoticia.com.ar\/web\/wp-content\/uploads\/2025\/11\/TALLER-EN-EL-DTC-FORTALECIMIENTO-FAMILIAR-3.jpg 1599w\" sizes=\"auto, (max-width: 300px) 100vw, 300px\" \/><\/p>\n<p class=\"x_MsoNormal\" data-olk-copy-source=\"MessageBody\">En instalaciones del DTC (Dispositivo Territorial Comunitario) ubicado en el barrio Sarmiento, en calle San Juan 1526, las practicantes de la carrera de Licenciatura en Psicolog\u00eda de la Universidad de la Cuenca del Plata, sede Goya, llevaron adelante el taller de \u201cFortalecimiento Familiar\u201d.<\/p>\n<p class=\"x_MsoNormal\">Con el lema \u201cEl que Ama, Cuida\u201d, el mismo se desarroll\u00f3 desde las 16 horas, y estuvo destinado a los referentes afectivos, pacientes del DTC y a la comunidad en general.<\/p>\n<p class=\"x_MsoNormal\">Durante el espacio creado en el DTC las estudiantes intercambiaron ideas, opiniones en relaci\u00f3n al concepto de familia como una construcci\u00f3n, destacando la necesidad de fortalecer el v\u00ednculo a partir de comprender esa idea.<\/p>\n<p class=\"x_MsoNormal\">Para que la familia funcione es importante la comunicaci\u00f3n, respetar al otro y aceptar que no todos los d\u00edas vamos a estar bien. Estas consideraciones dejaron durante la jornada realizada por las futuras profesionales; quienes reconocieron el alto grado de participaci\u00f3n y agradecieron el \u00e1mbito facilitado para la charla, permitiendo un interesante ida y vuelta entre todos los participantes.<\/p>\n","protected":false},"excerpt":{"rendered":"<p>En instalaciones del DTC (Dispositivo Territorial Comunitario) ubicado en el barrio Sarmiento, en calle San Juan 1526, las practicantes de la carrera de Licenciatura en Psicolog\u00eda de la Universidad de la Cuenca del Plata, sede Goya, llevaron adelante el taller de \u201cFortalecimiento Familiar\u201d. Con el lema \u201cEl que Ama, Cuida\u201d, el mismo se desarroll\u00f3 desde [&hellip;]<\/p>\n","protected":false},"author":2,"featured_media":4196,"comment_status":"open","ping_status":"open","sticky":false,"template":"","format":"standard","meta":{"footnotes":""},"categories":[56],"tags":[],"class_list":{"0":"post-4195","1":"post","2":"type-post","3":"status-publish","4":"format-standard","5":"has-post-thumbnail","7":"category-locales"},"_links":{"self":[{"href":"https:\/\/elpueblonoticia.com.ar\/web\/wp-json\/wp\/v2\/posts\/4195","targetHints":{"allow":["GET"]}}],"collection":[{"href":"https:\/\/elpueblonoticia.com.ar\/web\/wp-json\/wp\/v2\/posts"}],"about":[{"href":"https:\/\/elpueblonoticia.com.ar\/web\/wp-json\/wp\/v2\/types\/post"}],"author":[{"embeddable":true,"href":"https:\/\/elpueblonoticia.com.ar\/web\/wp-json\/wp\/v2\/users\/2"}],"replies":[{"embeddable":true,"href":"https:\/\/elpueblonoticia.com.ar\/web\/wp-json\/wp\/v2\/comments?post=4195"}],"version-history":[{"count":1,"href":"https:\/\/elpueblonoticia.com.ar\/web\/wp-json\/wp\/v2\/posts\/4195\/revisions"}],"predecessor-version":[{"id":4200,"href":"https:\/\/elpueblonoticia.com.ar\/web\/wp-json\/wp\/v2\/posts\/4195\/revisions\/4200"}],"wp:featuredmedia":[{"embeddable":true,"href":"https:\/\/elpueblonoticia.com.ar\/web\/wp-json\/wp\/v2\/media\/4196"}],"wp:attachment":[{"href":"https:\/\/elpueblonoticia.com.ar\/web\/wp-json\/wp\/v2\/media?parent=4195"}],"wp:term":[{"taxonomy":"category","embeddable":true,"href":"https:\/\/elpueblonoticia.com.ar\/web\/wp-json\/wp\/v2\/categories?post=4195"},{"taxonomy":"post_tag","embeddable":true,"href":"https:\/\/elpueblonoticia.com.ar\/web\/wp-json\/wp\/v2\/tags?post=4195"}],"curies":[{"name":"wp","href":"https:\/\/api.w.org\/{rel}","templated":true}]}}