{"id":4184,"date":"2025-11-26T09:25:35","date_gmt":"2025-11-26T12:25:35","guid":{"rendered":"https:\/\/elpueblonoticia.com.ar\/web\/?p=4184"},"modified":"2025-11-26T09:25:35","modified_gmt":"2025-11-26T12:25:35","slug":"corrientes-se-posiciona-como-eleccion-turistica","status":"publish","type":"post","link":"https:\/\/elpueblonoticia.com.ar\/web\/2025\/11\/26\/corrientes-se-posiciona-como-eleccion-turistica\/","title":{"rendered":"CORRIENTES SE POSICIONA COMO ELECCI\u00d3N TUR\u00cdSTICA"},"content":{"rendered":"<p data-olk-copy-source=\"MessageBody\"><img loading=\"lazy\" decoding=\"async\" class=\"alignnone size-medium wp-image-4186\" src=\"https:\/\/elpueblonoticia.com.ar\/web\/wp-content\/uploads\/2025\/11\/Corrientes-se-posiciona-como-eleccion-tursitica-1-ilustracion-nota-a-Oscar-Macias-298x300.jpg\" alt=\"\" width=\"298\" height=\"300\" srcset=\"https:\/\/elpueblonoticia.com.ar\/web\/wp-content\/uploads\/2025\/11\/Corrientes-se-posiciona-como-eleccion-tursitica-1-ilustracion-nota-a-Oscar-Macias-298x300.jpg 298w, https:\/\/elpueblonoticia.com.ar\/web\/wp-content\/uploads\/2025\/11\/Corrientes-se-posiciona-como-eleccion-tursitica-1-ilustracion-nota-a-Oscar-Macias-1016x1024.jpg 1016w, https:\/\/elpueblonoticia.com.ar\/web\/wp-content\/uploads\/2025\/11\/Corrientes-se-posiciona-como-eleccion-tursitica-1-ilustracion-nota-a-Oscar-Macias-150x150.jpg 150w, https:\/\/elpueblonoticia.com.ar\/web\/wp-content\/uploads\/2025\/11\/Corrientes-se-posiciona-como-eleccion-tursitica-1-ilustracion-nota-a-Oscar-Macias-768x774.jpg 768w, https:\/\/elpueblonoticia.com.ar\/web\/wp-content\/uploads\/2025\/11\/Corrientes-se-posiciona-como-eleccion-tursitica-1-ilustracion-nota-a-Oscar-Macias-417x420.jpg 417w, https:\/\/elpueblonoticia.com.ar\/web\/wp-content\/uploads\/2025\/11\/Corrientes-se-posiciona-como-eleccion-tursitica-1-ilustracion-nota-a-Oscar-Macias-696x701.jpg 696w, https:\/\/elpueblonoticia.com.ar\/web\/wp-content\/uploads\/2025\/11\/Corrientes-se-posiciona-como-eleccion-tursitica-1-ilustracion-nota-a-Oscar-Macias-1068x1076.jpg 1068w, https:\/\/elpueblonoticia.com.ar\/web\/wp-content\/uploads\/2025\/11\/Corrientes-se-posiciona-como-eleccion-tursitica-1-ilustracion-nota-a-Oscar-Macias.jpg 1080w\" sizes=\"auto, (max-width: 298px) 100vw, 298px\" \/><img loading=\"lazy\" decoding=\"async\" class=\"alignnone size-medium wp-image-4187\" src=\"https:\/\/elpueblonoticia.com.ar\/web\/wp-content\/uploads\/2025\/11\/Corrientes-se-posiciona-como-eleccion-tursitica-3-ilustracion-nota-a-Oscar-Macias-300x225.jpg\" alt=\"\" width=\"300\" height=\"225\" srcset=\"https:\/\/elpueblonoticia.com.ar\/web\/wp-content\/uploads\/2025\/11\/Corrientes-se-posiciona-como-eleccion-tursitica-3-ilustracion-nota-a-Oscar-Macias-300x225.jpg 300w, https:\/\/elpueblonoticia.com.ar\/web\/wp-content\/uploads\/2025\/11\/Corrientes-se-posiciona-como-eleccion-tursitica-3-ilustracion-nota-a-Oscar-Macias-1024x768.jpg 1024w, https:\/\/elpueblonoticia.com.ar\/web\/wp-content\/uploads\/2025\/11\/Corrientes-se-posiciona-como-eleccion-tursitica-3-ilustracion-nota-a-Oscar-Macias-768x576.jpg 768w, https:\/\/elpueblonoticia.com.ar\/web\/wp-content\/uploads\/2025\/11\/Corrientes-se-posiciona-como-eleccion-tursitica-3-ilustracion-nota-a-Oscar-Macias-1536x1152.jpg 1536w, https:\/\/elpueblonoticia.com.ar\/web\/wp-content\/uploads\/2025\/11\/Corrientes-se-posiciona-como-eleccion-tursitica-3-ilustracion-nota-a-Oscar-Macias-560x420.jpg 560w, https:\/\/elpueblonoticia.com.ar\/web\/wp-content\/uploads\/2025\/11\/Corrientes-se-posiciona-como-eleccion-tursitica-3-ilustracion-nota-a-Oscar-Macias-80x60.jpg 80w, https:\/\/elpueblonoticia.com.ar\/web\/wp-content\/uploads\/2025\/11\/Corrientes-se-posiciona-como-eleccion-tursitica-3-ilustracion-nota-a-Oscar-Macias-696x522.jpg 696w, https:\/\/elpueblonoticia.com.ar\/web\/wp-content\/uploads\/2025\/11\/Corrientes-se-posiciona-como-eleccion-tursitica-3-ilustracion-nota-a-Oscar-Macias-1068x801.jpg 1068w, https:\/\/elpueblonoticia.com.ar\/web\/wp-content\/uploads\/2025\/11\/Corrientes-se-posiciona-como-eleccion-tursitica-3-ilustracion-nota-a-Oscar-Macias-265x198.jpg 265w, https:\/\/elpueblonoticia.com.ar\/web\/wp-content\/uploads\/2025\/11\/Corrientes-se-posiciona-como-eleccion-tursitica-3-ilustracion-nota-a-Oscar-Macias.jpg 1600w\" sizes=\"auto, (max-width: 300px) 100vw, 300px\" \/><\/p>\n<p class=\"x_MsoNormal\" data-olk-copy-source=\"MessageBody\">El subsecretario de Turismo de la provincia Oscar Mac\u00edas, tras su participaci\u00f3n en el Torneo de Pesca de Integraci\u00f3n del Surubi, desarrollado el fin de semana largo en la localidad de Ituzaing\u00f3, en declaraciones radiales consider\u00f3 los aspectos salientes de las ofertas tur\u00edsticas de la provincia, destac\u00f3 el rol de los prestadores de servicio, y remarc\u00f3 la gran concurrencia que tuvo el \u00faltimo concurso de pesca deportivo en el calendario provincial.<\/p>\n<p class=\"x_MsoNormal\">\u201cEl Gobierno Provincial est\u00e1 convencido que el Turismo es un generador de oportunidades y dinamizador del desarrollo econ\u00f3mico\u201d sostuvo el subsecretario Oscar Mac\u00edas.<\/p>\n<p class=\"x_MsoNormal\">UNA FIESTA PLENA EN ITUZAING\u00d3<\/p>\n<p class=\"x_MsoNormal\">En el contacto con la emisora de AM local, el funcionario provincial destac\u00f3 la capacidad colmada en la provincia de Corrientes; y sobre el concurso de pesca de integraci\u00f3n del Surub\u00ed, en Ituzaing\u00f3, afirm\u00f3: \u201cSe luci\u00f3 el fin de semana esta localidad con una convocatoria impresionante, toda la capacidad hotelera y de albergue colmada en su plenitud, al punto de no contar con lugares para el alojamiento de visitantes\u201d.<\/p>\n<p class=\"x_MsoNormal\">El funcionario, quien estuvo acompa\u00f1ando a las autoridades provinciales y de la municipalidad de esa ciudad, resumi\u00f3: \u201cExcelente concurso, y la cena, brillante\u201d.<\/p>\n<p class=\"x_MsoNormal\">; adem\u00e1s,<\/p>\n<p class=\"x_MsoNormal\">GUIA Y TIMONEL<\/p>\n<p class=\"x_MsoNormal\">El subsecretario coment\u00f3: \u201cEn esta edici\u00f3n he participado como timonel de un equipo integrado por mujeres, \u201cDulce Vita\u201d, con un gran protagonismo reflejado en el campeonato obtenido por un equipo de mujeres. Vienen muy bien posicionadas, en Paso de la Patria tambi\u00e9n un equipo femenino se alz\u00f3 con el premio mayor\u201d, destac\u00f3.<\/p>\n<p class=\"x_MsoNormal\">\u201cEl equipo que acompa\u00f1\u00e9 como gu\u00eda y timonel estuvo conformado por la directora de Salud Mental de la Municipalidad de Goya, Sabrina Coronel, y las locales Cecilia Mosqueda y Romina L\u00f3pez. Existe una barra pesquera integrada por mujeres con personer\u00eda gremial, \u00fanica en el pa\u00eds, se ha hecho un reconocimiento en la cena clausura\u201d.<\/p>\n<p class=\"x_MsoNormal\">EL INTENDENTE DE GOYA PARTICIP\u00d3 DEL CONCURSO<\/p>\n<p class=\"x_MsoNormal\">Oscar Mac\u00edas indic\u00f3: \u201cMariano (Hormaechea), junto al intendente de Ituzaing\u00f3, gobernador electo Juan Pablo Vald\u00e9s y Emilio Nicolas (asumir\u00e1 como intendente), hijo de un goyano, el Dr. \u201cCoco\u201d Nicolas, participaron como lo hacen en los \u00faltimos concursos, con el resultado de ser excelentes funcionarios como pescadores, al podio subieron \u00fanicamente para entregar premios\u201d, brome\u00f3.<\/p>\n<p class=\"x_MsoNormal\">CAPACIDAD COLMADA<\/p>\n<p class=\"x_MsoNormal\">Consultado el funcionario provincial de Turismo sobre la ocupaci\u00f3n hotelera y los eventos desarrollados, afirm\u00f3: \u201cDesde el Ministerio se hace desde hace varios a\u00f1os un trabajo incesante para lograr los objetivos planteados por el gobernador Gustavo Vald\u00e9s para posicionar a Corrientes en lo m\u00e1s alto como destino tur\u00edstico, cumpliendo con creces: con ocupaci\u00f3n plena cada fin de semana, en un 80% a 100%, atra\u00eddos por las diferentes ofertas de la provincia\u201d.<\/p>\n<p class=\"x_MsoNormal\">VARIADA OFERTA TUR\u00cdSTICA DE CORRIENTES<\/p>\n<p class=\"x_MsoNormal\">El funcionario del Ministerio de Turismo enumer\u00f3 la variada oferta de la Provincia: \u201cCorrientes junto al producto pesca, tiene una variedad de oferta: fiestas religiosas, esteros del Iber\u00e1, a esto se deben agregar las tradicionales fiestas y encuentros, el Gaucho Gil, con espacios renovados, Fiesta Nacional del Chamam\u00e9, el Festival del Chamam\u00e9 tradicional, los carnavales en todas las ciudades correntinas, nosotros trabajamos muy fuerte en la promoci\u00f3n de todos estos eventos, junto a los municipios para acompa\u00f1ar cada una de estas realizaciones\u201d.<\/p>\n<p class=\"x_MsoNormal\">IMPULSO A LA GENERACI\u00d3N DE OPORTUNIDADES Y AL DESARROLLO ECON\u00d3MICO<\/p>\n<p class=\"x_MsoNormal\">\u201cSeguiremos trabajando en este sentido para posicionar a Corrientes en esta industria sin chimenea, que es la gran generadora de oportunidades, de empleos, de desarrollo econ\u00f3mico para cada regi\u00f3n. En eso estamos comprometidos todos\u201d asegur\u00f3 el subsecretario.<\/p>\n<p class=\"x_MsoNormal\">Al final de la entrevista, Oscar Mac\u00edas dej\u00f3 la siguiente consideraci\u00f3n: \u201cNosotros continuaremos con este accionar para impulsar el crecimiento, el desarrollo de la provincia, en mi caso: desde el Turismo. As\u00ed ser\u00e1 hasta el 10 de diciembre, pero asegurando a cada ciudadano, a cada correntino, que la provincia est\u00e1 en marcha, bien encaminada para lograr que nuestro pueblo viva mejor cada d\u00eda\u201d.<\/p>\n","protected":false},"excerpt":{"rendered":"<p>El subsecretario de Turismo de la provincia Oscar Mac\u00edas, tras su participaci\u00f3n en el Torneo de Pesca de Integraci\u00f3n del Surubi, desarrollado el fin de semana largo en la localidad de Ituzaing\u00f3, en declaraciones radiales consider\u00f3 los aspectos salientes de las ofertas tur\u00edsticas de la provincia, destac\u00f3 el rol de los prestadores de servicio, y [&hellip;]<\/p>\n","protected":false},"author":2,"featured_media":4185,"comment_status":"open","ping_status":"open","sticky":false,"template":"","format":"standard","meta":{"footnotes":""},"categories":[78],"tags":[],"class_list":{"0":"post-4184","1":"post","2":"type-post","3":"status-publish","4":"format-standard","5":"has-post-thumbnail","7":"category-generales"},"_links":{"self":[{"href":"https:\/\/elpueblonoticia.com.ar\/web\/wp-json\/wp\/v2\/posts\/4184","targetHints":{"allow":["GET"]}}],"collection":[{"href":"https:\/\/elpueblonoticia.com.ar\/web\/wp-json\/wp\/v2\/posts"}],"about":[{"href":"https:\/\/elpueblonoticia.com.ar\/web\/wp-json\/wp\/v2\/types\/post"}],"author":[{"embeddable":true,"href":"https:\/\/elpueblonoticia.com.ar\/web\/wp-json\/wp\/v2\/users\/2"}],"replies":[{"embeddable":true,"href":"https:\/\/elpueblonoticia.com.ar\/web\/wp-json\/wp\/v2\/comments?post=4184"}],"version-history":[{"count":1,"href":"https:\/\/elpueblonoticia.com.ar\/web\/wp-json\/wp\/v2\/posts\/4184\/revisions"}],"predecessor-version":[{"id":4188,"href":"https:\/\/elpueblonoticia.com.ar\/web\/wp-json\/wp\/v2\/posts\/4184\/revisions\/4188"}],"wp:featuredmedia":[{"embeddable":true,"href":"https:\/\/elpueblonoticia.com.ar\/web\/wp-json\/wp\/v2\/media\/4185"}],"wp:attachment":[{"href":"https:\/\/elpueblonoticia.com.ar\/web\/wp-json\/wp\/v2\/media?parent=4184"}],"wp:term":[{"taxonomy":"category","embeddable":true,"href":"https:\/\/elpueblonoticia.com.ar\/web\/wp-json\/wp\/v2\/categories?post=4184"},{"taxonomy":"post_tag","embeddable":true,"href":"https:\/\/elpueblonoticia.com.ar\/web\/wp-json\/wp\/v2\/tags?post=4184"}],"curies":[{"name":"wp","href":"https:\/\/api.w.org\/{rel}","templated":true}]}}