{"id":4180,"date":"2025-11-26T08:52:14","date_gmt":"2025-11-26T11:52:14","guid":{"rendered":"https:\/\/elpueblonoticia.com.ar\/web\/?p=4180"},"modified":"2025-11-26T08:52:14","modified_gmt":"2025-11-26T11:52:14","slug":"reserva-natural-isoro","status":"publish","type":"post","link":"https:\/\/elpueblonoticia.com.ar\/web\/2025\/11\/26\/reserva-natural-isoro\/","title":{"rendered":"RESERVA NATURAL ISORO"},"content":{"rendered":"<p class=\"x_MsoNormal\" data-olk-copy-source=\"MessageBody\">Charla Informativa<\/p>\n<p class=\"x_MsoNormal\">El personal de la Direcci\u00f3n de Parques y reservas, organismos de aplicaci\u00f3n de la normativa de preservaci\u00f3n del humedal, invita a gu\u00edas de pesca, prestadores de servicios tur\u00edsticos y p\u00fablico en general a la charla informativa que dar\u00e1 el pr\u00f3ximo jueves 27 de noviembre a las 10 horas, en el SUM \u201cCoqui Correa\u201d, del Multiespacio Ferial \u201cCosta Surubi\u201d<\/p>\n<p class=\"x_MsoNormal\">Los temas a abordar entre otros ser\u00e1n: Legislaci\u00f3n; Buenas Pr\u00e1cticas y Obtenci\u00f3n de Licencias<\/p>\n<p class=\"x_MsoNormal\">Por la importancia del contenido de la Ley de Reserva Isoro se invita especialmente a esos sectores prestadores de servicios gu\u00edas de pesca, turismo y al p\u00fablico en general el jueves a las 10 horas en el SUM \u201cCoqui Correa\u201d para informarse y plantear las inquietudes que genera la normativa respectiva.<\/p>\n<p class=\"x_MsoNormal\" aria-hidden=\"true\">\n","protected":false},"excerpt":{"rendered":"<p>Charla Informativa El personal de la Direcci\u00f3n de Parques y reservas, organismos de aplicaci\u00f3n de la normativa de preservaci\u00f3n del humedal, invita a gu\u00edas de pesca, prestadores de servicios tur\u00edsticos y p\u00fablico en general a la charla informativa que dar\u00e1 el pr\u00f3ximo jueves 27 de noviembre a las 10 horas, en el SUM \u201cCoqui Correa\u201d, [&hellip;]<\/p>\n","protected":false},"author":2,"featured_media":4181,"comment_status":"open","ping_status":"open","sticky":false,"template":"","format":"standard","meta":{"footnotes":""},"categories":[78],"tags":[],"class_list":{"0":"post-4180","1":"post","2":"type-post","3":"status-publish","4":"format-standard","5":"has-post-thumbnail","7":"category-generales"},"_links":{"self":[{"href":"https:\/\/elpueblonoticia.com.ar\/web\/wp-json\/wp\/v2\/posts\/4180","targetHints":{"allow":["GET"]}}],"collection":[{"href":"https:\/\/elpueblonoticia.com.ar\/web\/wp-json\/wp\/v2\/posts"}],"about":[{"href":"https:\/\/elpueblonoticia.com.ar\/web\/wp-json\/wp\/v2\/types\/post"}],"author":[{"embeddable":true,"href":"https:\/\/elpueblonoticia.com.ar\/web\/wp-json\/wp\/v2\/users\/2"}],"replies":[{"embeddable":true,"href":"https:\/\/elpueblonoticia.com.ar\/web\/wp-json\/wp\/v2\/comments?post=4180"}],"version-history":[{"count":1,"href":"https:\/\/elpueblonoticia.com.ar\/web\/wp-json\/wp\/v2\/posts\/4180\/revisions"}],"predecessor-version":[{"id":4182,"href":"https:\/\/elpueblonoticia.com.ar\/web\/wp-json\/wp\/v2\/posts\/4180\/revisions\/4182"}],"wp:featuredmedia":[{"embeddable":true,"href":"https:\/\/elpueblonoticia.com.ar\/web\/wp-json\/wp\/v2\/media\/4181"}],"wp:attachment":[{"href":"https:\/\/elpueblonoticia.com.ar\/web\/wp-json\/wp\/v2\/media?parent=4180"}],"wp:term":[{"taxonomy":"category","embeddable":true,"href":"https:\/\/elpueblonoticia.com.ar\/web\/wp-json\/wp\/v2\/categories?post=4180"},{"taxonomy":"post_tag","embeddable":true,"href":"https:\/\/elpueblonoticia.com.ar\/web\/wp-json\/wp\/v2\/tags?post=4180"}],"curies":[{"name":"wp","href":"https:\/\/api.w.org\/{rel}","templated":true}]}}